{"id":528321,"date":"2021-05-21T17:13:48","date_gmt":"2021-05-21T15:13:48","guid":{"rendered":"http:\/\/www.ivg.it\/?p=528321"},"modified":"2021-05-21T17:16:51","modified_gmt":"2021-05-21T15:16:51","slug":"vaccini-sul-posto-di-lavoro-ecco-il-bando-si-parte-il-10-giugno-con-le-prime-5mila-dosi","status":"publish","type":"post","link":"https:\/\/staging.ivg.it\/2021\/05\/vaccini-sul-posto-di-lavoro-ecco-il-bando-si-parte-il-10-giugno-con-le-prime-5mila-dosi\/","title":{"rendered":"Vaccini sul posto di lavoro, ecco il bando: si parte il 10 giugno con le prime 5mila dosi"},"content":{"rendered":"<p><b>Liguria<\/b>. \u00c8 stato pubblicato sul sito di Alisa l\u2019avviso di manifestazione di interesse (scaricalo <strong><a href=\"https:\/\/www.alisa.liguria.it\/index.php?option=com_content&amp;view=article&amp;id=1209&amp;catid=12&amp;Itemid=590\">qui<\/a><\/strong>) per l\u2019<strong>avvio della vaccinazione nei luoghi di lavoro<\/strong>, in attuazione delle indicazioni <em>ad interim<\/em> per la vaccinazione anti-Covid nei luoghi di lavoro approvate dalla Conferenza delle Regioni e delle Province autonome l\u20198 aprile 2021.<\/p>\n<p>Le aziende che intendono manifestare il proprio interesse devono presentare domanda di partecipazione<strong> entro il<\/strong> <strong>27 maggio 2021 ore 12, <\/strong>esclusivamente a mezzo Pec all\u2019indirizzo <a href=\"mailto:protocollo@pec.alisa.liguria.it\">protocollo@pec.alisa.liguria.it<\/a>. Scaduto il termine sopra indicato, sar\u00e0 formata la prima graduatoria (una per ciascun lotto).<\/p>\n<p>Successivamente al termine indicato, le<strong> aziende interessate che non sono in grado di avviare l\u2019attivit\u00e0 vaccinale dal 10 giugno 2021<\/strong> potranno manifestare il proprio interesse tramite invio all\u2019indirizzo Pec <a href=\"mailto:protocollo@pec.alisa.liguria.it\">protocollo@pec.alisa.liguria.it<\/a> di domanda di partecipazione che verr\u00e0 valutata e tenuta in considerazione per la formazione di una successiva graduatoria.<\/p>\n<h3 class=\"article_heading\"><strong>CRITERI PER LA VALUTAZIONE DELLA PROPOSTA<\/strong><\/h3>\n<p>Le domande saranno esaminate da una commissione costituita da figure di Alisa competenti per i diversi ambiti che sar\u00e0 nominata successivamente alla scadenza del termine di presentazione delle domande.<\/p>\n<p>Saranno a disposizione nel corso delle prime settimane <strong>5mila dosi vaccinali a settimana<\/strong> che saranno distribuite alle aziende per lotto di appartenenza che abbiano indicato come <strong>data di avvio dell\u2019attivit\u00e0 vaccinale il 10 di giugno<\/strong> in base all\u2019ordine cronologico (data e ora) di arrivo della domanda di partecipazione alla manifestazione di interesse.<\/p>\n<p>Nel caso in cui i quantitativi previsti e messi a disposizione non fossero completamente distribuiti alle aziende con inizio attivit\u00e0 vaccinale al 10 giugno,<strong> le ulteriori dosi saranno distribuite in base all\u2019ordine cronologico di inizio dell\u2019attivit\u00e0 vaccinale dichiarata (data)<\/strong>. A parit\u00e0 di data di avvio dell\u2019attivit\u00e0 vaccinale, la distribuzione avverr\u00e0 in base all\u2019ordine di arrivo della domanda di partecipazione alla manifestazione di interesse (data e ora).<\/p>\n<p>Successivamente alla prima scadenza del 27 maggio, la valutazione delle proposte avverr\u00e0 ogni 15 giorni; saranno valutate le domande pervenute entro il 12 e il 27 di ogni mese.<\/p>\n<p><strong>Le 5mila dosi iniziali saranno allocate nei 3 lotti secondo i seguenti quantitativi:<\/strong><\/p>\n<ul>\n<li>1.578 dosi nei territori di ASL1 e ASL2;<\/li>\n<li>2.244 dosi nel territorio di ASL3;<\/li>\n<li>1.176 dosi nei territori di Asl 4 e Asl 5<\/li>\n<\/ul>\n<p>Tali quantitativi potrebbero essere modificati in relazione alla disponibilit\u00e0 dei vaccini.<\/p>\n<p>In caso di aumento del numero di dosi di vaccini disponibili, Alisa proceder\u00e0 allo scorrimento della graduatoria delle aziende partecipanti alla procedura. A tal fine, verranno inoltre parimenti presi in considerazione eventuali aumenti della capacit\u00e0 di vaccinazione da parte delle aziende gi\u00e0 assegnatarie in quanto gi\u00e0 collocate utilmente nella prima graduatoria.<\/p>\n<p>Le aziende partecipanti si impegnano a comunicare ad Alisa eventuali aumenti della propria capacit\u00e0 di vaccinazione.<\/p>\n<p>Ogni 15 giorni sar\u00e0 pubblicata sul sito di Alisa la graduatoria aggiornata, comprensiva delle aziende che hanno comunicato l\u2019aumento della propria capacit\u00e0 di vaccinazione e di quelle che hanno presentato domanda dopo il 27 maggio 2021.<\/p>\n","protected":false},"excerpt":{"rendered":"<p>L&#8217;avviso pubblico di Alisa: c&#8217;\u00e8 tempo fino al 27 maggio<\/p>\n","protected":false},"author":4,"featured_media":0,"comment_status":"open","ping_status":"closed","sticky":false,"template":"","format":"standard","meta":{"footnotes":""},"categories":[45296,34],"tags":[117581,116179],"class_list":["post-528321","post","type-post","status-publish","format-standard","hentry","category-copertina","category-cronaca","tag-vaccinazione-covid","tag-vaccino-covid"],"amp_validity":null,"amp_enabled":true,"_links":{"self":[{"href":"https:\/\/staging.ivg.it\/ediapi\/wp\/v2\/posts\/528321","targetHints":{"allow":["GET"]}}],"collection":[{"href":"https:\/\/staging.ivg.it\/ediapi\/wp\/v2\/posts"}],"about":[{"href":"https:\/\/staging.ivg.it\/ediapi\/wp\/v2\/types\/post"}],"author":[{"embeddable":true,"href":"https:\/\/staging.ivg.it\/ediapi\/wp\/v2\/users\/4"}],"replies":[{"embeddable":true,"href":"https:\/\/staging.ivg.it\/ediapi\/wp\/v2\/comments?post=528321"}],"version-history":[{"count":0,"href":"https:\/\/staging.ivg.it\/ediapi\/wp\/v2\/posts\/528321\/revisions"}],"wp:attachment":[{"href":"https:\/\/staging.ivg.it\/ediapi\/wp\/v2\/media?parent=528321"}],"wp:term":[{"taxonomy":"category","embeddable":true,"href":"https:\/\/staging.ivg.it\/ediapi\/wp\/v2\/categories?post=528321"},{"taxonomy":"post_tag","embeddable":true,"href":"https:\/\/staging.ivg.it\/ediapi\/wp\/v2\/tags?post=528321"}],"curies":[{"name":"wp","href":"https:\/\/api.w.org\/{rel}","templated":true}]}}