{"id":52825,"date":"2009-03-13T09:31:30","date_gmt":"2009-03-13T08:31:30","guid":{"rendered":"http:\/\/www.ivg.it\/?p=52825"},"modified":"2009-03-13T16:18:53","modified_gmt":"2009-03-13T15:18:53","slug":"albenga-la-lega-punta-su-rosy-guarnieri-per-un-sindaco-al-femminile","status":"publish","type":"post","link":"https:\/\/staging.ivg.it\/2009\/03\/albenga-la-lega-punta-su-rosy-guarnieri-per-un-sindaco-al-femminile\/","title":{"rendered":"Albenga, la Lega punta su Rosy Guarnieri per un sindaco al femminile"},"content":{"rendered":"<p><strong>[thumb:10559:l]Albenga<\/strong>. Un sindaco in verde e in rosa per la citt\u00e0 di Albenga. L&#8217;immagine colorita corrisponde alla speranza della Lega Nord, ma anche gi\u00e0 di parte del centrodestra, e si identifica con l&#8217;attivista pi\u00f9 impegnata del Carroccio sul territorio ingauno: Rosy Guarnieri. Per il segretario provinciale leghista Andrea Bronda i dubbi sono pochi: &#8220;L&#8217;idea di una donna sulla poltrona di sindaco ad Albenga costituirebbe non solo, ovviamente, una novit\u00e0 assoluta nella storia cittadina, ma darebbe una svolta di rinnovamento importante alla pratica amministrativa. L&#8217;impegno e le capacit\u00e0 delle donne della Lega sono una risorsa fondamentale. Penso anche ad Alda Rebagliati, Nadia Fadel e Carla Mattea, per esempio. Abbiamo inoltre &#8216;quote rosa&#8217; nelle nostre liste per l&#8217;imminente consultazione elettorale, soprattutto nei Comuni dell&#8217;entroterra, ma anche nei collegi per la Provincia, dove saranno in quattro&#8221;.<\/p>\n<p>Rosalia &#8220;Rosy&#8221; Guarnieri, donna orgogliosamente del Sud a cui piace smentire l&#8217;etichettature razziste spesso assegnate al movimento leghista, legata alla societ\u00e0 civile delle frazioni, \u00e8 un nome a cui qualche esponente del Pdl gi\u00e0 guarda con interesse, anche se nessuno intende ancora sbilanciarsi pubblicamente. Da qui al 2010, in effetti, la politica nazionale potrebbe fare ricadere i suoi dettami strategici anche in una realt\u00e0 cruciale come quella albenganese. Per ora non si parla di simboli, alleanze, coalizioni: tutto prematuro. Assessore all&#8217;ambiente nella giunta Zunino e candidata a sindaco nelle scorse elezioni del 2005, tuttavia, la capogruppo leghista \u00e8 una delle candidature pi\u00f9 che probabili per l&#8217;anno prossimo.<\/p>\n<p>&#8220;Rosy Guarnieri \u00e8 un valido punto di riferimento per gli albenganesi &#8211; sottolinea Bronda &#8211; Ha dimostrato sempre grandi doti organizzative e il talento di rapportarsi alla gente e ai suoi bisogni. Ritengo che nelle prossime elezioni comunali non si ripeter\u00e0 la frammentazione della scorsa tornata. La scommessa della Lega \u00e8 quella di vincere sulla linea della sicurezza e dell&#8217;ordine pubblico e penso che i cittadini ci premieranno per il lavoro svolto con costanza, spesso contro corrente, in questi anni&#8221;. &#8220;Rosy Guarnieri &#8211; conclude il segretario leghista &#8211; \u00e8 una donna razionale, studia bene gli argomenti, tiene i contatti con la popolazione. Il prossimo sindaco di Albenga dovr\u00e0 avere queste caratteristiche&#8221;.<\/p>\n","protected":false},"excerpt":{"rendered":"<p>[thumb:10559:l]Albenga. Un sindaco in verde e in rosa per la citt\u00e0 di Albenga. L&#8217;immagine colorita corrisponde alla speranza della Lega Nord, ma anche gi\u00e0 di parte del centrodestra, e si identifica con l&#8217;attivista pi\u00f9 impegnata del Carroccio sul territorio ingauno: Rosy Guarnieri. Per il segretario provinciale leghista Andrea Bronda i dubbi sono pochi: &#8220;L&#8217;idea di [&hellip;]<\/p>\n","protected":false},"author":5,"featured_media":0,"comment_status":"open","ping_status":"closed","sticky":false,"template":"","format":"standard","meta":{"footnotes":""},"categories":[31],"tags":[4201,86019,218,630,6607],"class_list":["post-52825","post","type-post","status-publish","format-standard","hentry","category-politica","tag-andrea-bronda","tag-comune","tag-elezioni","tag-lega-nord","tag-rosy-guarnieri","post_cat_citta-albenga"],"amp_validity":null,"amp_enabled":true,"_links":{"self":[{"href":"https:\/\/staging.ivg.it\/ediapi\/wp\/v2\/posts\/52825","targetHints":{"allow":["GET"]}}],"collection":[{"href":"https:\/\/staging.ivg.it\/ediapi\/wp\/v2\/posts"}],"about":[{"href":"https:\/\/staging.ivg.it\/ediapi\/wp\/v2\/types\/post"}],"author":[{"embeddable":true,"href":"https:\/\/staging.ivg.it\/ediapi\/wp\/v2\/users\/5"}],"replies":[{"embeddable":true,"href":"https:\/\/staging.ivg.it\/ediapi\/wp\/v2\/comments?post=52825"}],"version-history":[{"count":0,"href":"https:\/\/staging.ivg.it\/ediapi\/wp\/v2\/posts\/52825\/revisions"}],"wp:attachment":[{"href":"https:\/\/staging.ivg.it\/ediapi\/wp\/v2\/media?parent=52825"}],"wp:term":[{"taxonomy":"category","embeddable":true,"href":"https:\/\/staging.ivg.it\/ediapi\/wp\/v2\/categories?post=52825"},{"taxonomy":"post_tag","embeddable":true,"href":"https:\/\/staging.ivg.it\/ediapi\/wp\/v2\/tags?post=52825"}],"curies":[{"name":"wp","href":"https:\/\/api.w.org\/{rel}","templated":true}]}}