{"id":52823,"date":"2009-03-13T08:44:02","date_gmt":"2009-03-13T07:44:02","guid":{"rendered":"http:\/\/www.ivg.it\/2009\/03\/13\/i-giovani-del-pcl-a-finale-ce-bisogno-di-luoghi-di-aggregazione\/"},"modified":"2009-03-13T13:19:31","modified_gmt":"2009-03-13T12:19:31","slug":"i-giovani-del-pcl-a-finale-ce-bisogno-di-luoghi-di-aggregazione","status":"publish","type":"post","link":"https:\/\/staging.ivg.it\/2009\/03\/i-giovani-del-pcl-a-finale-ce-bisogno-di-luoghi-di-aggregazione\/","title":{"rendered":"I giovani del Pcl: &#8220;A Finale c&#8217;\u00e8 bisogno di luoghi di aggregazione&#8221;"},"content":{"rendered":"<p><strong>[thumb:2232:l]Finale Ligure<\/strong>. &#8220;Vogliamo nuovi luoghi di aggregazione, dove le persone possano vivere momenti d&#8217;incontro e conoscenza&#8221;. I giovani finalesi del Partito Comunista dei Lavoratori, spiegano la loro idea di divertimento e socialit\u00e0: &#8220;C&#8217;\u00e8 una necessit\u00e0 di fondo, secondo noi, nel fornire un&#8217;offerta pi\u00f9 variegata di ci\u00f2 che intendiamo per movida &#8211; osserva Simona Cal\u00f2 &#8211; poich\u00e9 focalizzare la discussione sul solito tipo di divertimento da discoteca o da bar fomenta la polemica legata ad orari e tasso di rumorosit\u00e0 su cui si stanno spendendo da anni le nostre amministrazioni&#8221;.<\/p>\n<p>&#8220;In questo periodo storico dove precariet\u00e0 ed impoverimento rendono incerta la vita, occorre superare la convinzione che uscire debba significare esclusivamente consumare. Perch\u00e9 non fare del nostro patrimonio storico-artistico anche un luogo di confronto per vivere uno svago alternativo e intelligente, oppure creare uno spazio dove tutti i giovani possano gestire direttamente il proprio divertimento?&#8221; conclude la giovane esponente del Pcl.<\/p>\n","protected":false},"excerpt":{"rendered":"<p>[thumb:2232:l]Finale Ligure. &#8220;Vogliamo nuovi luoghi di aggregazione, dove le persone possano vivere momenti d&#8217;incontro e conoscenza&#8221;. I giovani finalesi del Partito Comunista dei Lavoratori, spiegano la loro idea di divertimento e socialit\u00e0: &#8220;C&#8217;\u00e8 una necessit\u00e0 di fondo, secondo noi, nel fornire un&#8217;offerta pi\u00f9 variegata di ci\u00f2 che intendiamo per movida &#8211; osserva Simona Cal\u00f2 &#8211; [&hellip;]<\/p>\n","protected":false},"author":5,"featured_media":0,"comment_status":"open","ping_status":"closed","sticky":false,"template":"","format":"standard","meta":{"footnotes":""},"categories":[31],"tags":[2505,1245,315,1222],"class_list":["post-52823","post","type-post","status-publish","format-standard","hentry","category-politica","tag-divertimento","tag-giovani","tag-partito-comunista-dei-lavoratori","tag-pcl","post_cat_citta-finale-ligure"],"amp_validity":null,"amp_enabled":true,"_links":{"self":[{"href":"https:\/\/staging.ivg.it\/ediapi\/wp\/v2\/posts\/52823","targetHints":{"allow":["GET"]}}],"collection":[{"href":"https:\/\/staging.ivg.it\/ediapi\/wp\/v2\/posts"}],"about":[{"href":"https:\/\/staging.ivg.it\/ediapi\/wp\/v2\/types\/post"}],"author":[{"embeddable":true,"href":"https:\/\/staging.ivg.it\/ediapi\/wp\/v2\/users\/5"}],"replies":[{"embeddable":true,"href":"https:\/\/staging.ivg.it\/ediapi\/wp\/v2\/comments?post=52823"}],"version-history":[{"count":0,"href":"https:\/\/staging.ivg.it\/ediapi\/wp\/v2\/posts\/52823\/revisions"}],"wp:attachment":[{"href":"https:\/\/staging.ivg.it\/ediapi\/wp\/v2\/media?parent=52823"}],"wp:term":[{"taxonomy":"category","embeddable":true,"href":"https:\/\/staging.ivg.it\/ediapi\/wp\/v2\/categories?post=52823"},{"taxonomy":"post_tag","embeddable":true,"href":"https:\/\/staging.ivg.it\/ediapi\/wp\/v2\/tags?post=52823"}],"curies":[{"name":"wp","href":"https:\/\/api.w.org\/{rel}","templated":true}]}}