{"id":527995,"date":"2021-05-19T16:03:18","date_gmt":"2021-05-19T14:03:18","guid":{"rendered":"https:\/\/www.ivg.it\/?p=527995"},"modified":"2021-05-19T18:39:07","modified_gmt":"2021-05-19T16:39:07","slug":"loano-pignocca-traccia-il-bilancio-di-10-anni-da-sindaco-la-citta-ha-fatto-passi-avanti-ma-avrei-voluto-vedere-piu-opere-completate","status":"publish","type":"post","link":"https:\/\/staging.ivg.it\/2021\/05\/loano-pignocca-traccia-il-bilancio-di-10-anni-da-sindaco-la-citta-ha-fatto-passi-avanti-ma-avrei-voluto-vedere-piu-opere-completate\/","title":{"rendered":"Loano, Pignocca traccia il bilancio di 10 anni da sindaco: &#8220;La citt\u00e0 ha fatto passi avanti, ma avrei voluto vedere pi\u00f9 opere completate&#8221;"},"content":{"rendered":"<p><strong>Loano<\/strong>. Tre mesi non previsti, un \u201c<strong>supplemento di amministrazione<\/strong>\u201d che comporter\u00e0 ancora qualche grattacapo ma anche l&#8217;opportunit\u00e0 di dare il via a qualche altro progetto che, altrimenti, sarebbe toccato \u201ca chi verr\u00e0\u201d mettere in cantiere. Sono quelli che l&#8217;emergenza sanitaria ha concesso al sindaco di Loano Luigi Pignocca, alla scadenza del suo secondo mandato e dunque pronto a dire (almeno) arrivederci a Palazzo Doria.<\/p>\n<p>Come noto, <strong>la pandemia ha costretto il Governo a rinviare le elezioni amministrative<\/strong> in programma per questa primavera al prossimo autunno (a settembre o ottobre, non \u00e8 ancora stato deciso in modo ufficiale). Come tutti i suoi colleghi a fine mandato, dunque, il primo cittadino loanese si \u00e8 trovato \u201ccostretto\u201d suo malgrado a prolungare di tre o quattro mesi il proprio incarico.<\/p>\n<p>\u201cSono tre o quattro mesi in pi\u00f9 che non avevo messo in conto \u2013 spiega ai microfoni di IVG.it \u2013 <strong>Pensavo di concludere il mandato prima dell&#8217;estate<\/strong> e invece &#8216;mi tocca&#8217; gestire una seconda stagione in emergenza. Ma <strong>questo tempo in pi\u00f9 mi dar\u00e0 anche l&#8217;opportunit\u00e0 di portare a compimento qualche progetto<\/strong> che avevamo in cantiere, <strong>o almeno di dare &#8216;il la&#8217;<\/strong> ai progetti che caratterizzeranno la Loano dei prossimi anni\u201d.<\/p>\n<p>Con il secondo mandato da sindaco in scadenza, anche per Luigi Pignocca \u00e8 tempo di bilanci: \u201cAvendo fatto dieci anni da assessore e dieci da sindaco, affronto sempre il mio ragionamento sull&#8217;arco di vent&#8217;anni. I<strong> primi anni, con Angelo Vaccarezza sindaco, sono stati molto belli e direi quasi divertenti<\/strong> dal punto di vista amministrativo. <strong>I dieci successivi da sindaco sono stati difficili<\/strong>: abbiamo affrontato davvero tanti problemi, dalla crisi economica alla pandemia. Ma in tutto questo e nonostante qualche difficolt\u00e0 in pi\u00f9 credo che <strong>Loano abbia fatto passi in avanti<\/strong>, cos\u00ec come ci eravamo prefissati. Oggi vediamo in dirittura d&#8217;arrivo la realizzazione della diga soffolta e della passeggiata a mare di ponente&#8230; Credo che nel prossimo periodo vedremo realizzate tante opere che avevamo elaborato negli anni passati\u201d.<\/p>\n<p>Luigi Pignocca parla ai microfoni di IVG con sullo sfondo Marina di Loano, un progetto che \u201cvent&#8217;anni fa era solo un disegno su carta\u201d che oggi \u00e8 realt\u00e0 \u201cgrazie ad una serie di congiunture molto importanti e molto particolari tra pubblico e privato e tra amministrazioni di vari livelli, da quella comunale di Loano a quella regionale\u201d.<\/p>\n<p>Un&#8217;opera importantissima per la citt\u00e0 che per\u00f2 non pu\u00f2 far pensare a ci\u00f2 che non \u00e8 stato realizzato e che, magari, causa qualche rimpianto: \u201c<strong>Ho pochi rimpianti<\/strong>. Avrei voluto vedere alcune opere realizzate anni fa\u201d, conferma Pignocca.<\/p>\n<p>Altri tre mesi di mandato, dunque, e poi Luigi Pignocca sar\u00e0 svincolato (almeno per il momento) da ogni incarico amministrativo o politico. Viene da chiedersi cosa far\u00e0 <strong>dopo le elezioni: \u201cContinuer\u00f2 il mio lavoro<\/strong> \u2013 spiega \u2013 E poi l&#8217;amministrazione pubblica mi piace: <strong>se potr\u00f2 essere ancora utile, sar\u00f2 a disposizione<\/strong>\u201d.<\/p>\n","protected":false},"excerpt":{"rendered":"<p>Tre mesi di mandato in pi\u00f9 &#8220;per portare a compimento o &#8216;il la&#8217; a progetti che caratterizzeranno la Loano dei prossimi anni&#8221;<\/p>\n","protected":false},"author":12120,"featured_media":0,"comment_status":"open","ping_status":"closed","sticky":false,"template":"","format":"standard","meta":{"footnotes":""},"categories":[45296,31],"tags":[86171,115856],"class_list":["post-527995","post","type-post","status-publish","format-standard","hentry","category-copertina","category-politica","tag-comune-di-loano","tag-loano-2021","post_cat_citta-loano","post_tag_personaggi-luigi-pignocca"],"amp_validity":null,"amp_enabled":true,"_links":{"self":[{"href":"https:\/\/staging.ivg.it\/ediapi\/wp\/v2\/posts\/527995","targetHints":{"allow":["GET"]}}],"collection":[{"href":"https:\/\/staging.ivg.it\/ediapi\/wp\/v2\/posts"}],"about":[{"href":"https:\/\/staging.ivg.it\/ediapi\/wp\/v2\/types\/post"}],"author":[{"embeddable":true,"href":"https:\/\/staging.ivg.it\/ediapi\/wp\/v2\/users\/12120"}],"replies":[{"embeddable":true,"href":"https:\/\/staging.ivg.it\/ediapi\/wp\/v2\/comments?post=527995"}],"version-history":[{"count":0,"href":"https:\/\/staging.ivg.it\/ediapi\/wp\/v2\/posts\/527995\/revisions"}],"wp:attachment":[{"href":"https:\/\/staging.ivg.it\/ediapi\/wp\/v2\/media?parent=527995"}],"wp:term":[{"taxonomy":"category","embeddable":true,"href":"https:\/\/staging.ivg.it\/ediapi\/wp\/v2\/categories?post=527995"},{"taxonomy":"post_tag","embeddable":true,"href":"https:\/\/staging.ivg.it\/ediapi\/wp\/v2\/tags?post=527995"}],"curies":[{"name":"wp","href":"https:\/\/api.w.org\/{rel}","templated":true}]}}