{"id":527743,"date":"2021-05-17T21:57:29","date_gmt":"2021-05-17T19:57:29","guid":{"rendered":"http:\/\/www.ivg.it\/?p=527743"},"modified":"2021-05-17T22:00:01","modified_gmt":"2021-05-17T20:00:01","slug":"vaccini-per-gli-under-60-che-scelgono-astrazeneca-potrebbe-arrivare-una-linea-di-prenotazione-ad-hoc","status":"publish","type":"post","link":"https:\/\/staging.ivg.it\/2021\/05\/vaccini-per-gli-under-60-che-scelgono-astrazeneca-potrebbe-arrivare-una-linea-di-prenotazione-ad-hoc\/","title":{"rendered":"Vaccini, per gli under 60 che scelgono Astrazeneca potrebbe arrivare una linea di prenotazione ad hoc"},"content":{"rendered":"<p><strong>Liguria<\/strong>. Una linea di prenotazione dedicata ai liguri che sceglieranno, su base volontaria, di vaccinarsi con Astrazeneca nonostante abbiano meno di 60 anni, il limite di et\u00e0 consigliato da Aifa, l&#8217;agenzia del farmaco nazionale, e quindi dal Cts, per la somministrazione. E&#8217; l&#8217;idea a cui sta lavorando Regione Liguria in alternativa all&#8217;opzione\u00a0&#8220;open day&#8221; come quello organizzato, pur con un certo successo, nella Regione Lazio.<\/p>\n<p>&#8220;Stiamo valutando sulla base delle scorte a disposizione &#8211; ha detto il presidente della Regione Liguria Giovanni Toti questa sera durante il punto stampa Covid in sala della trasparenza &#8211; se sia possibile organizzare delle vaccinazioni su base volontaria per donne e uomini senza limiti di et\u00e0 con Astrazeneca, sapete che il limite dei 60 anni \u00e8 una raccomandazione e non una prescrizione quindi per chi volesse anticipare magari di qualche settimana la prima dose del vaccino rispetto ai tempi previsti per le fasce di et\u00e0 pi\u00f9 giovane ci sarebbe un&#8217;opzione in pi\u00f9&#8221;.<\/p>\n<p>Toti esclude l&#8217;ipotesi di un &#8220;open day&#8221;, come invece ventilato nei giorni scorsi, non tanto per il concetto in s\u00e9 quanto da un punto di vista organizzativo. &#8220;Si rischierebbe di creare confusione e magari anche situazioni di assembramento &#8211; afferma il governatore &#8211; invece \u00e8 possibile creare una linea di prenotazione dedicata&#8221;.<\/p>\n<p>Sarebbe questa una soluzione per sfruttare l&#8217;eventuale sovrabbondanza di farmaci anglosvedesi, &#8220;snobbati&#8221; da tanti cittadini tra i 60 e i 70 anni di et\u00e0 ma che, nonostante una certa psicosi generale, fanno gola a tante persone in attesa da tempo di essere vaccinate e di ricevere almeno una dose che, come noto, ha gi\u00e0 una certa efficacia nel contrastare il contagio da Covid o comunque i sintomi pi\u00f9 gravi.<\/p>\n","protected":false},"excerpt":{"rendered":"<p>Toti: &#8220;Valuteremo in base alle scorte, ma se qualcuno volesse anticipare rispetto alla propria fascia di et\u00e0&#8230;&#8221;. Niente open day, invece, per evitare assembramenti<\/p>\n","protected":false},"author":17916,"featured_media":0,"comment_status":"open","ping_status":"closed","sticky":false,"template":"","format":"standard","meta":{"footnotes":""},"categories":[45296,34],"tags":[116179],"class_list":["post-527743","post","type-post","status-publish","format-standard","hentry","category-copertina","category-cronaca","tag-vaccino-covid","post_tag_personaggi-giovanni-toti"],"amp_validity":null,"amp_enabled":true,"_links":{"self":[{"href":"https:\/\/staging.ivg.it\/ediapi\/wp\/v2\/posts\/527743","targetHints":{"allow":["GET"]}}],"collection":[{"href":"https:\/\/staging.ivg.it\/ediapi\/wp\/v2\/posts"}],"about":[{"href":"https:\/\/staging.ivg.it\/ediapi\/wp\/v2\/types\/post"}],"author":[{"embeddable":true,"href":"https:\/\/staging.ivg.it\/ediapi\/wp\/v2\/users\/17916"}],"replies":[{"embeddable":true,"href":"https:\/\/staging.ivg.it\/ediapi\/wp\/v2\/comments?post=527743"}],"version-history":[{"count":0,"href":"https:\/\/staging.ivg.it\/ediapi\/wp\/v2\/posts\/527743\/revisions"}],"wp:attachment":[{"href":"https:\/\/staging.ivg.it\/ediapi\/wp\/v2\/media?parent=527743"}],"wp:term":[{"taxonomy":"category","embeddable":true,"href":"https:\/\/staging.ivg.it\/ediapi\/wp\/v2\/categories?post=527743"},{"taxonomy":"post_tag","embeddable":true,"href":"https:\/\/staging.ivg.it\/ediapi\/wp\/v2\/tags?post=527743"}],"curies":[{"name":"wp","href":"https:\/\/api.w.org\/{rel}","templated":true}]}}