{"id":527431,"date":"2021-05-15T14:38:55","date_gmt":"2021-05-15T12:38:55","guid":{"rendered":"https:\/\/www.ivg.it\/?p=527431"},"modified":"2021-05-15T14:38:55","modified_gmt":"2021-05-15T12:38:55","slug":"domani-il-ministro-garavaglia-nel-savonese-grande-liguria-che-veda-la-nostra-viabilita-disastrata","status":"publish","type":"post","link":"https:\/\/staging.ivg.it\/2021\/05\/domani-il-ministro-garavaglia-nel-savonese-grande-liguria-che-veda-la-nostra-viabilita-disastrata\/","title":{"rendered":"Domani il ministro Garavaglia nel savonese, Grande Liguria: &#8220;Che veda la nostra viabilit\u00e0 disastrata&#8221;"},"content":{"rendered":"<p><strong>Liguria.<\/strong>\u00a0&#8220;Ricordate la ministra dei trasporti quando circa un anno fa venne in Liguria, proprio durante il momento peggiore della viabilit\u00e0 oso&#8217; dire che le code erano frutto di narrazioni sbagliate esagerate.\u00a0Abbiamo saputo che domani verr\u00e0 un altro ministro in visita in Liguria, si tratta del ministro del turismo Garavaglia: speriamo che si renda conto della viabilit\u00e0 disastrata che abbiamo in Liguria e in particolare in provincia di Savona&#8221;.<\/p>\n<p>L&#8217;auspicio \u00e8 della sezione provinciale savonese di <strong>Grande Liguria<\/strong>, che con queste parole d\u00e0 il suo benvenuto al ministro <strong>Massimo Garavaglia <\/strong>atteso oggi pomeriggio a Genova, <strong>domattina alle 9.30 a Loano <\/strong>e per il resto della giornata nell&#8217;imperiese.\u00a0&#8220;Garavaglia si renda conto che tra la viabilit\u00e0 e il coprifuoco, il comparto del turismo davvero \u00e8 in forte sofferenza -recita la nota &#8211; auspichiamo da parte sua un impegno serio e importante per risolvere entrambi i problemi&#8221;.<\/p>\n<p>&#8220;La Liguria vive di turismo &#8211; ricorda il partito &#8211; per cui soprattutto le infrastrutture sono importanti; una buona viabilit\u00e0 per davvero \u00e8 un fattore determinante.\u00a0Il governo Draghi, con quasi tutti i partiti che ne fanno parte, ha un senso se per davvero risolve i tanti, troppi problemi che in questi anni non sono mai stati affrontati dai tanti governi che si sono via via succeduti.<\/p>\n","protected":false},"excerpt":{"rendered":"<p>Sar\u00e0 alle 9.30 a Loano: &#8220;Si renda conto che tra viabilit\u00e0 e coprifuoco il nostro turismo \u00e8 in forte sofferenza&#8221;<\/p>\n","protected":false},"author":10593,"featured_media":0,"comment_status":"open","ping_status":"closed","sticky":false,"template":"","format":"standard","meta":{"footnotes":""},"categories":[31],"tags":[114945],"class_list":["post-527431","post","type-post","status-publish","format-standard","hentry","category-politica","tag-grande-liguria","post_tag_personaggi-massimo-garavaglia"],"amp_validity":null,"amp_enabled":true,"_links":{"self":[{"href":"https:\/\/staging.ivg.it\/ediapi\/wp\/v2\/posts\/527431","targetHints":{"allow":["GET"]}}],"collection":[{"href":"https:\/\/staging.ivg.it\/ediapi\/wp\/v2\/posts"}],"about":[{"href":"https:\/\/staging.ivg.it\/ediapi\/wp\/v2\/types\/post"}],"author":[{"embeddable":true,"href":"https:\/\/staging.ivg.it\/ediapi\/wp\/v2\/users\/10593"}],"replies":[{"embeddable":true,"href":"https:\/\/staging.ivg.it\/ediapi\/wp\/v2\/comments?post=527431"}],"version-history":[{"count":0,"href":"https:\/\/staging.ivg.it\/ediapi\/wp\/v2\/posts\/527431\/revisions"}],"wp:attachment":[{"href":"https:\/\/staging.ivg.it\/ediapi\/wp\/v2\/media?parent=527431"}],"wp:term":[{"taxonomy":"category","embeddable":true,"href":"https:\/\/staging.ivg.it\/ediapi\/wp\/v2\/categories?post=527431"},{"taxonomy":"post_tag","embeddable":true,"href":"https:\/\/staging.ivg.it\/ediapi\/wp\/v2\/tags?post=527431"}],"curies":[{"name":"wp","href":"https:\/\/api.w.org\/{rel}","templated":true}]}}