{"id":527178,"date":"2021-05-13T18:33:03","date_gmt":"2021-05-13T16:33:03","guid":{"rendered":"https:\/\/www.ivg.it\/?p=527178"},"modified":"2021-05-13T19:16:30","modified_gmt":"2021-05-13T17:16:30","slug":"scaramuzza-al-vice-del-pro-savona-ritardo-stadio-tempi-tecnici-faccio-campagna-elettorale-una-boiata","status":"publish","type":"post","link":"https:\/\/staging.ivg.it\/2021\/05\/scaramuzza-al-vice-del-pro-savona-ritardo-stadio-tempi-tecnici-faccio-campagna-elettorale-una-boiata\/","title":{"rendered":"Scaramuzza al vice del Pro Savona: \u201cRitardo stadio? Tempi tecnici. Faccio campagna elettorale? Una boiata\u201d"},"content":{"rendered":"<p><strong>Savona<\/strong>. \u201cLe mie <strong>scelte non sono dettate dalla campagna elettorale<\/strong>. Questa accusa, permettetemi di dirlo, <strong>\u00e8 una boiata<\/strong>. Bugdet raddoppiato per il Meeting? Sono servizi, non contributi. Per il Bacigalupo non \u00e8 colpa mia\u201d. Cos\u00ec l\u2019assessore allo Sport del Comune di Savona Maurizio Scaramuzza ha replicato alle <a href=\"https:\/\/www.ivg.it\/2021\/05\/calcio-il-vicepresidente-del-pro-savona-spara-a-zero-scaramuzza-e-pirates-adesso-parlo-io\/\">accuse che gli sono state rivolte dal vice presidente del Pro Savona Calcio<\/a> Simone Marinelli.<\/p>\n<p>\u201cA lui importa solo dell\u2019atletica: alle altre societ\u00e0 dice di non avere soldi ma poi raddoppia il contributo per il Meeting Ottolia. Fa campagna elettorale con i soldi dei cittadini\u201d. Queste le accuse rivolte all\u2019assessore.<\/p>\n<p>E respinge anche le critiche legate alla campagna elettorale: \u201c<strong>Non so neanche se mi ricandider\u00f2<\/strong>, mi fa schifo questo mondo, come escono le notizie. Non mi interessa, sono cinque anni che <strong>lavoro per la citt\u00e0<\/strong> e continuer\u00f2 a farlo fino all\u2019ultimo giorno del mio mandato o fino a quando il sindaco lo vorr\u00e0\u201d.<\/p>\n<p>Il finanziamento per il Meeting internazionale di atletica \u00e8 raddoppiato &#8220;passando da 5 mila euro a 10 mila&#8221;. Ma Scaramuzza giustifica l\u2019aumento di spesa ricordando il <strong>prestigio dell\u2019evento<\/strong>: \u201cE\u2019 diventato il <strong>terzo meeting italiano<\/strong>, la somma \u00e8 destinata alla <strong>prestazione di servizi<\/strong>, non sono contributi\u201d. Nega \u201cinvestimenti solo per l\u2019atletica\u201d e ribadisce: \u201cfinanziamo tutte le manifestazioni che danno notoriet\u00e0 alla citt\u00e0\u201d.<\/p>\n<p>A proposito della questione legata allo stadio e alla societ\u00e0 del Savona Calcio spiega: \u201cC\u2019\u00e8 stato un fallimento, la situazione \u00e8 stata presa in mano dal curatore fallimentare e i <strong>ritardi sono legati ai tempi tecnici<\/strong> previsti. La prossima settimana ci dovrebbe essere il bando per destinare quello che \u00e8 rimasto dello stadio compreso il logo\u201d.<\/p>\n<p>Ma garantisce che<strong> con il Savona \u201cnon cambier\u00e0 assolutamente niente<\/strong>. Io mi interfaccio continuamente col presidente Enzo Grenno, Luca Oddone e Daniele Guatti, non ho pi\u00f9 avuto il piacere di vedere Simone Marinelli dallo scorso ottobre. Nel frattempo la situazione \u00e8 cambiata ma, ripeto, non \u00e8 nelle nostre competenze e <strong>non \u00e8 colpa mia se ci sono questi tempi lunghi<\/strong>\u201d.<\/p>\n","protected":false},"excerpt":{"rendered":"<p>Marinelli (Savona Calcio): &#8220;Fondi solo per l&#8217;atletica&#8221;. Scaramuzza: &#8220;E&#8217; il terzo meeting a livello nazionale&#8221;<\/p>\n","protected":false},"author":20734,"featured_media":0,"comment_status":"open","ping_status":"closed","sticky":false,"template":"","format":"standard","meta":{"footnotes":""},"categories":[45296,182,31,32],"tags":[117423],"class_list":["post-527178","post","type-post","status-publish","format-standard","hentry","category-copertina","category-calcio","category-politica","category-sport","tag-pro-savona-calcio","post_cat_citta-savona","post_tag_personaggi-maurizio-scaramuzza"],"amp_validity":null,"amp_enabled":true,"_links":{"self":[{"href":"https:\/\/staging.ivg.it\/ediapi\/wp\/v2\/posts\/527178","targetHints":{"allow":["GET"]}}],"collection":[{"href":"https:\/\/staging.ivg.it\/ediapi\/wp\/v2\/posts"}],"about":[{"href":"https:\/\/staging.ivg.it\/ediapi\/wp\/v2\/types\/post"}],"author":[{"embeddable":true,"href":"https:\/\/staging.ivg.it\/ediapi\/wp\/v2\/users\/20734"}],"replies":[{"embeddable":true,"href":"https:\/\/staging.ivg.it\/ediapi\/wp\/v2\/comments?post=527178"}],"version-history":[{"count":0,"href":"https:\/\/staging.ivg.it\/ediapi\/wp\/v2\/posts\/527178\/revisions"}],"wp:attachment":[{"href":"https:\/\/staging.ivg.it\/ediapi\/wp\/v2\/media?parent=527178"}],"wp:term":[{"taxonomy":"category","embeddable":true,"href":"https:\/\/staging.ivg.it\/ediapi\/wp\/v2\/categories?post=527178"},{"taxonomy":"post_tag","embeddable":true,"href":"https:\/\/staging.ivg.it\/ediapi\/wp\/v2\/tags?post=527178"}],"curies":[{"name":"wp","href":"https:\/\/api.w.org\/{rel}","templated":true}]}}