{"id":526674,"date":"2021-05-10T17:08:48","date_gmt":"2021-05-10T15:08:48","guid":{"rendered":"https:\/\/www.ivg.it\/?p=526674"},"modified":"2021-05-10T18:18:30","modified_gmt":"2021-05-10T16:18:30","slug":"la-liguria-che-riparte-di-corsa-grandissimo-successo-per-la-ii-edizione-della-corsa-per-la-solidarieta","status":"publish","type":"post","link":"https:\/\/staging.ivg.it\/2021\/05\/la-liguria-che-riparte-di-corsa-grandissimo-successo-per-la-ii-edizione-della-corsa-per-la-solidarieta\/","title":{"rendered":"&#8220;La Liguria che riparte. Di corsa&#8221;, grandissimo successo per la II edizione della corsa per la solidariet\u00e0"},"content":{"rendered":"<p><strong>Liguria.<\/strong> &#8220;La Liguria che riparte. Di corsa&#8221; \u00e8 arrivata ieri, domenica 9 maggio, alla Spezia, ore 17.55. Si tratta della fine di un percorso meraviglioso da Ventimiglia alla Spezia per una <strong>staffetta benefico-promozionale organizzata da Asd RunRivieraRun<\/strong> per una ripartenza che coinvolge sport, sviluppo economico, sociale, turismo ed istituzioni.<\/p>\n<p>273 km di emozioni, di fatica, di entusiasmo nei quali 150 runners di 25 societ\u00e0 liguri, donando a favore di AIRC attraverso il progetto Run4Hope, hanno completato un percorso che rappresenta l&#8217;immagine della nostra fantastica regione, unica per conformazione e paesaggi.<\/p>\n<p>&#8220;Un viaggio dove ogni Runner ha sentito l&#8217;importanza di esserci, di partecipare, con la sua presenza e la sua donazione al progetto Run4Hope per AIRC, a qualcosa di grande ed importante, affinch\u00e9 sport e solidariet\u00e0, corrano insieme in sinergia per raggiungere reali obiettivi &#8211; ha affermato Luciano Costa, presidente dell&#8217;Asd RunRivieraRun -. Raccontiamo sempre a chi ama questo sport che \u00e9 necessario sognare per far diventare reali i nostri progetti. La Liguria \u00e9 ci\u00f2 che amiamo ed un evento cos\u00ec, unico e inimitabile, unisce, crea collaborazioni e ci fa credere che sia veramente giunta, finalmente, l&#8217;ora della ripartenza e per questo ringraziamo tutti i partners di questo grande viaggio&#8221;.<\/p>\n<p>&#8220;Noi di Genova Liguria Film Commission ci siamo occupati della regia, delle riprese sportive ed istituzionali, con le nostre imprese del PACC, e di formazione in situazione, con la presenza di quattro allievi che hanno potuto lavorare su campo &#8211; aggiunge Cristina Bolla, presidente GLFC -. Grazie all&#8217;organizzatore Asd RunRivieraRun per averci coinvolto in questo importante ed unico progetto, Confartigianato Liguria per il coinvolgimento delle aziende di diversi settori, a Fidal e Coni per il patrocinio morale, e Genova Rent per il supporto logistico. Voglio inoltre ringraziare anche il presidente Giovanni Toti di Regione Liguria per il patrocinio e il videomessaggio a sostegno dell&#8217;iniziativa&#8221;.<\/p>\n<p>Le amministrazioni che hanno dato adesione alla tappa istituzionale, donando un prodotto rappresentativo del territorio che ha dato vita al Paniere di Liguria, sono state: Ventimiglia, Vallecrosia, Bordighera, Ospedaletti, Sanremo, Arma di Taggia, Imperia, Cervo, Andora, Alassio, Albenga, Borghetto Santo Spirito, Loano, Pietra Ligure, Borgio Verezzi, Finale Ligure, Savona, Albissola marina, Albisola Superiore, Celle Ligure, Genova, Bogliasco, Sori, Recco, Santa Margherita, Rapallo, Chiavari, Sestri Levante, Beverino, Ricc\u00f2 del Golfo e La Spezia.<\/p>\n<p>Oltre ai rappresentanti delle amministrazioni citate durante le giornate anche il presidente regionale del CONI Antonio Micillo ha salutato la staffetta nella tappa genovese insieme all&#8217;assessore Laura Gaggero e il consigliere regionale Stefano Anzalone, Luca Costi direttore generale di Confartigianato Liguria e Antonella Pacetti direttrice di Rai 3 Liguria.<\/p>\n<p>A Borghetto Santo Spirito ha portato il suo saluto il commissario straordinario dell&#8217;Agenzia In Liguria Roberto Moreno mentre a Moneglia Franco Senarega, assessore della Citt\u00e0 Metropolitana di Genova.<\/p>\n<p>Alla ripartenza da Piazza Cavour a Genova hanno dato il via il vicesindaco di Genova Massimo Nicol\u00f2, il consigliere del Comune di Genova con delega ai Rapporti Enti Sport Vittorio Ottonello e il presidente della FIDAL Liguria Carlo Rosiello.<\/p>\n<p>&#8220;A nome dell&#8217;amministrazione comunale \u2013 dichiara il vicesindaco di Genova e assessore alla Salute dei cittadini Massimo Nicol\u00f2 \u2013, sono lieto di portare il saluto dell&#8217;intera citt\u00e0 a tutti i partecipanti di questa bellissima iniziativa che coniuga sport, quindi uno stile di vita sano, con la promozione del nostro straordinario territorio e delle nostre eccellenze. Mi associo con il messaggio lanciato dagli organizzatori perch\u00e9 fa parte dello spirito dei genovesi, oggi pi\u00f9 che mai attuale, di una comunit\u00e0 attiva, pronta ad affrontare ogni sfida, rimboccandosi le maniche, senza mai fermarsi&#8221;.<\/p>\n<p>Anche le 18 aziende di Confartigianato hanno partecipato al Paniere di Liguria, tra queste: Azienda Agricola Spagnoli, Besio Amaretti, Birrificio del Golfo, Biscottificio Giordano, Bricco Eraldo, Capriccio Gelateria, Crastan Caff\u00e8, Cremeria delle erbe, F.lli Priano di Priano Paolo &amp; C., Frantoio Lucchi &amp; Guastalli, GG Arte Ceramica Pegli, I giardini di Marzo, I solitari, Il giardino delle dalie, La Rouche, Mambrin Pasticceria, P.articelle, Pasticceria Adriana di Vallecrosia, Scuola di ceramica dell&#8217;Associazione Ceramisti di Albissola.<\/p>\n<div class=\"single-img-content-container fullwidth-single shortcode standard\">\n    <div class=\"image_container\" style=\"text-align: center;\">\n        <picture class=\" lazyload\"><img loading=\"lazy\" class=\"lazy\" data-srcset=\"https:\/\/www.ivg.it\/photogallery_new\/images\/2021\/05\/la-liguria-che-riparte-di-corsa-la-spezia-682508.jpg 1024w, https:\/\/www.ivg.it\/photogallery_new\/images\/2021\/05\/la-liguria-che-riparte-di-corsa-la-spezia-682508.jpg 970w, https:\/\/www.ivg.it\/photogallery_new\/images\/2021\/05\/la-liguria-che-riparte-di-corsa-la-spezia-682508.jpg 660w, https:\/\/www.ivg.it\/photogallery_new\/images\/2021\/05\/la-liguria-che-riparte-di-corsa-la-spezia-682508.jpg 316w, https:\/\/www.ivg.it\/photogallery_new\/images\/2021\/05\/la-liguria-che-riparte-di-corsa-la-spezia-682508.jpg 150w\"  data-src=\"https:\/\/www.ivg.it\/photogallery_new\/images\/2021\/05\/la-liguria-che-riparte-di-corsa-la-spezia-682508.jpg\" alt=\"la liguria che riparte di corsa la spezia \" \/><\/picture>\r\n\n    <\/div>\n    <\/div>\n\n<p>Sono stati poi diversi coloro i quali hanno voluto esprimere la loro gratitudine per un evento di simile portata.<\/p>\n<p>&#8220;A distanza di un anno, ci ritroviamo ad affrontare una nuova ripartenza sociale ed economica \u2013 commenta l&#8217;assessore allo sviluppo economico della Regione Liguria, Andrea Benveduti \u2013. \u00c8 encomiabile la passione con cui gli organizzatori hanno saputo anche quest&#8217;anno riproporre un format, che gi\u00e0 nella sua prima edizione aveva saputo lanciare un messaggio di resilienza alla nostra comunit\u00e0. Lo sforzo dei runner, nel percorrere i 273 km di tragitto che dividono Ventimiglia dalla Spezia, \u00e8 paragonabile alla forza di volont\u00e0 che i nostri commercianti e i nostri artigiani hanno dimostrato in questo difficile periodo, oltrech\u00e9 uno spot che va ancora una volta a premiare la bellezza della nostra Liguria&#8221;.<\/p>\n<p>&#8220;La nostra regione, come tutta l&#8217;Italia, ha voglia di ripartire, di tornare a fare sport ed incontrarsi e non c&#8217;\u00e8 modo migliore di testimoniarlo di una lunga staffetta che va da Ventimiglia a La Spezia \u2013 commenta l&#8217;Assessore Simona Ferro \u2013. Quest&#8217;anno poi sono coinvolta non solo con delega allo sport, ma anche con la nuova delega che \u00e8 la tutela dell&#8217;infanzia ed \u00e8 per questo che ringrazio la ASD RunRivieraRun che devolver\u00e0 i fondi raccolti in favore della ricerca sui tumori infantili promossa da Airc attraverso la Onlus Run4Hope. &#8216;Liguria che riparte. Di corsa&#8217; non \u00e8 solo il nome di una bellissima iniziativa, ma anche il desiderio di tutti i liguri che amano la loro terra&#8221;.<\/p>\n<p>&#8220;Come sportivo e come consigliere delegato del Comune di Genova \u2013 aggiunge il consigliere del Comune di Genova con delega ai Rapporti Enti Sport Vittorio Ottonello \u2013, ho accolto con entusiasmo l&#8217;invito alla seconda edizione della manifestazione. I valori dello sport insieme alla possibilit\u00e0 di godere delle bellezze del nostro territorio all&#8217;aria aperta e in compagnia, nel rispetto delle norme della sicurezza, sono un bellissimo segno di speranza e di concreta ripartenza per Genova e la Liguria, che auspichiamo possa infondere fiducia all&#8217;intero Paese&#8221;.<\/p>\n<p>&#8220;La Liguria che produce non si ferma \u2013 conclude Giancarlo Grasso, presidente di Confartigianato Liguria \u2013. Questo \u00e8 il messaggio che, come Confartigianato, vogliamo lanciare affiancando un evento che ha un doppio valore: quello sportivo e quello economico. I nostri artigiani hanno voglia di ripartire e di rimettersi in marcia: anche per questo, a dimostrazione della loro tenacia, &#8216;correranno&#8217; a fianco degli staffettisti facendosi parte attiva della manifestazione podistica, donando i loro prodotti di qualit\u00e0&#8221;.<\/p>\n","protected":false},"excerpt":{"rendered":"<p>150 runners, 25 societ\u00e0 sportive, 31 amministrazioni e 18 imprese artigiane incontrate durante il percorso<\/p>\n","protected":false},"author":21213,"featured_media":0,"comment_status":"open","ping_status":"closed","sticky":false,"template":"","format":"standard","meta":{"footnotes":""},"categories":[56,47716,32],"tags":[113680,40200],"class_list":["post-526674","post","type-post","status-publish","format-standard","hentry","category-altre","category-atletica-sport","category-sport","tag-la-liguria-che-riparte-di-corsa","tag-runrivierarun","post_cat_citta-provincia"],"amp_validity":null,"amp_enabled":true,"_links":{"self":[{"href":"https:\/\/staging.ivg.it\/ediapi\/wp\/v2\/posts\/526674","targetHints":{"allow":["GET"]}}],"collection":[{"href":"https:\/\/staging.ivg.it\/ediapi\/wp\/v2\/posts"}],"about":[{"href":"https:\/\/staging.ivg.it\/ediapi\/wp\/v2\/types\/post"}],"author":[{"embeddable":true,"href":"https:\/\/staging.ivg.it\/ediapi\/wp\/v2\/users\/21213"}],"replies":[{"embeddable":true,"href":"https:\/\/staging.ivg.it\/ediapi\/wp\/v2\/comments?post=526674"}],"version-history":[{"count":0,"href":"https:\/\/staging.ivg.it\/ediapi\/wp\/v2\/posts\/526674\/revisions"}],"wp:attachment":[{"href":"https:\/\/staging.ivg.it\/ediapi\/wp\/v2\/media?parent=526674"}],"wp:term":[{"taxonomy":"category","embeddable":true,"href":"https:\/\/staging.ivg.it\/ediapi\/wp\/v2\/categories?post=526674"},{"taxonomy":"post_tag","embeddable":true,"href":"https:\/\/staging.ivg.it\/ediapi\/wp\/v2\/tags?post=526674"}],"curies":[{"name":"wp","href":"https:\/\/api.w.org\/{rel}","templated":true}]}}