{"id":526165,"date":"2021-05-06T12:54:03","date_gmt":"2021-05-06T10:54:03","guid":{"rendered":"https:\/\/www.ivg.it\/?p=526165"},"modified":"2021-05-06T12:59:01","modified_gmt":"2021-05-06T10:59:01","slug":"amministrative-tour-di-vaccarezza-cambiamo-nei-comuni-al-voto-pronti-ad-un-ruolo-da-protagonisti","status":"publish","type":"post","link":"https:\/\/staging.ivg.it\/2021\/05\/amministrative-tour-di-vaccarezza-cambiamo-nei-comuni-al-voto-pronti-ad-un-ruolo-da-protagonisti\/","title":{"rendered":"Amministrative, tour di Vaccarezza (Cambiamo) nei comuni al voto: &#8220;Pronti ad un ruolo da protagonisti&#8221;"},"content":{"rendered":"<p><strong>Provincia<\/strong>. Tour del consigliere regionale e coordinatore ligure di Cambiamo, Angelo Vaccarezza, nei comuni che andranno al voto il prossimo autunno.<\/p>\n<p>La prima tappa del &#8220;giro&#8221; di oggi \u00e8 a Spotorno &#8220;dove Valeria Calcagno sta organizzando il comitato cittadino che presenteremo ufficialmente nelle prossime settimane. Cambiamo, che alle elezioni regionali \u00e8 risultato il partito pi\u00f9 votato della citt\u00e0, si candida per recitare un ruolo da protagonista anche alle prossime elezioni comunali&#8221;.<\/p>\n<p>La seconda tappa della mattinata \u00e8 Bergeggi: &#8220;Alice Bianchini ha messo a disposizione esperienza e capacit\u00e0, e organizzer\u00e0 il comitato locale, che presenteremo la prossima settimana&#8221;.<\/p>\n<div class=\"single-img-content-container fullwidth-single shortcode standard\">\n    <div class=\"image_container\" style=\"text-align: center;\">\n        <picture class=\" lazyload\"><img loading=\"lazy\" class=\"lazy\" data-srcset=\"https:\/\/www.ivg.it\/photogallery_new\/images\/2021\/05\/generico-maggio-2021-681660.jpg 1024w, https:\/\/www.ivg.it\/photogallery_new\/images\/2021\/05\/generico-maggio-2021-681660.jpg 970w, https:\/\/www.ivg.it\/photogallery_new\/images\/2021\/05\/generico-maggio-2021-681660.jpg 660w, https:\/\/www.ivg.it\/photogallery_new\/images\/2021\/05\/generico-maggio-2021-681660.jpg 316w, https:\/\/www.ivg.it\/photogallery_new\/images\/2021\/05\/generico-maggio-2021-681660.jpg 150w\"  data-src=\"https:\/\/www.ivg.it\/photogallery_new\/images\/2021\/05\/generico-maggio-2021-681660.jpg\" alt=\"Angelo Vaccarezza Valeria Calcagno Alice Bianchini\" \/><\/picture>\r\n\n    <\/div>\n            <span class=\"single-gallery-caption\">Vaccarezza con Valeria Calcagno e Alice Bianchini<\/span>\n    <\/div>\n\n<p>&#8220;Oggi abbiamo posto le radici di quello che sar\u00e0 un progetto amministrativo nuovo e alternativo, in grado di scrollare Bergeggi dall&#8217;attuale immobilismo, e proporre ai cittadini una politica che sia lungimirante e risolutiva delle problematiche che attendono ormai da tempo una soluzione definitiva&#8221;.<\/p>\n<p>&nbsp;<\/p>\n","protected":false},"excerpt":{"rendered":"<p>Tappe a Spotorno e Bergeggi<\/p>\n","protected":false},"author":12120,"featured_media":0,"comment_status":"open","ping_status":"closed","sticky":false,"template":"","format":"standard","meta":{"footnotes":""},"categories":[45296,31],"tags":[116939,108944],"class_list":["post-526165","post","type-post","status-publish","format-standard","hentry","category-copertina","category-politica","tag-amministrative-2021","tag-cambiamo","post_cat_citta-bergeggi","post_cat_citta-spotorno","post_tag_personaggi-alice-bianchini","post_tag_personaggi-angelo-vaccarezza","post_tag_personaggi-valeria-calcagno"],"amp_validity":null,"amp_enabled":true,"_links":{"self":[{"href":"https:\/\/staging.ivg.it\/ediapi\/wp\/v2\/posts\/526165","targetHints":{"allow":["GET"]}}],"collection":[{"href":"https:\/\/staging.ivg.it\/ediapi\/wp\/v2\/posts"}],"about":[{"href":"https:\/\/staging.ivg.it\/ediapi\/wp\/v2\/types\/post"}],"author":[{"embeddable":true,"href":"https:\/\/staging.ivg.it\/ediapi\/wp\/v2\/users\/12120"}],"replies":[{"embeddable":true,"href":"https:\/\/staging.ivg.it\/ediapi\/wp\/v2\/comments?post=526165"}],"version-history":[{"count":0,"href":"https:\/\/staging.ivg.it\/ediapi\/wp\/v2\/posts\/526165\/revisions"}],"wp:attachment":[{"href":"https:\/\/staging.ivg.it\/ediapi\/wp\/v2\/media?parent=526165"}],"wp:term":[{"taxonomy":"category","embeddable":true,"href":"https:\/\/staging.ivg.it\/ediapi\/wp\/v2\/categories?post=526165"},{"taxonomy":"post_tag","embeddable":true,"href":"https:\/\/staging.ivg.it\/ediapi\/wp\/v2\/tags?post=526165"}],"curies":[{"name":"wp","href":"https:\/\/api.w.org\/{rel}","templated":true}]}}