{"id":526103,"date":"2021-05-05T22:49:18","date_gmt":"2021-05-05T20:49:18","guid":{"rendered":"https:\/\/www.ivg.it\/?p=526103"},"modified":"2021-05-05T22:50:32","modified_gmt":"2021-05-05T20:50:32","slug":"varazze-gianni-berogno-approccio-mentalita-voglia-sono-soddisfatto-di-tutto","status":"publish","type":"post","link":"https:\/\/staging.ivg.it\/2021\/05\/varazze-gianni-berogno-approccio-mentalita-voglia-sono-soddisfatto-di-tutto\/","title":{"rendered":"Varazze, Gianni Berogno: &#8220;Approccio, mentalit\u00e0, voglia: sono soddisfatto di tutto&#8221;"},"content":{"rendered":"<p><strong>Albenga<\/strong>. Si ferma, dopo due partite pareggiate, la breve striscia positiva del<strong> Varazze Don Bosco.<\/strong> Tuttavia, i nerazzurri sono usciti a testa alta dal terreno del Riva, dove hanno lottato alla pari con l&#8217;<strong>Albenga,<\/strong> cedendo solamente di misura, <strong>2 a 1.<\/strong><\/p>\n<p>&#8220;<strong>Sono andato a fare i complimenti ai ragazzi<\/strong> &#8211; ammette<strong> Gianni Berogno<\/strong>, allenatore del Varazze -, li abbiamo ricevuti anche da tutta l&#8217;Albenga, perch\u00e9<strong> abbiamo fatto una grossa partita,<\/strong> la partita che dovevamo fare, e <strong>sono super soddisfatto di tutto quello che \u00e8 successo: l&#8217;approccio, la mentalit\u00e0, la voglia.<\/strong> Tutto positivo meno il risultato, ahim\u00e9. Per\u00f2 va bene cos\u00ec&#8221;.<\/p>\n<p>La breve stagione del Varazze terminer\u00e0 domenica, col match contro la Cairese:<strong> i playoff non sono pi\u00f9 raggiungibili.<\/strong> La formazione varazzina avr\u00e0 comunque stimoli, come conferma Berogno: &#8220;<strong>La voglia di arrivare alla prima vittoria, la voglia di giocarci la partita.<\/strong> Vedremo domenica cosa succeder\u00e0. L&#8217;obiettivo nostro \u00e8 sempre quello: <strong>siamo in crescendo, partita dopo partita, si sta creando un buon gruppo<\/strong> e il campo comunque dice che stiamo facendo bene. Adesso facciamo questa valutazione sino a <strong>domenica e poi trarremo le conclusioni<\/strong>&#8220;.<\/p>\n","protected":false},"excerpt":{"rendered":"<p>La breve stagione dei nerazzurri si concluder\u00e0 domenica: &#8220;Siamo in crescendo, ci giocheremo la partita&#8221;<\/p>\n","protected":false},"author":18,"featured_media":0,"comment_status":"open","ping_status":"closed","sticky":false,"template":"","format":"standard","meta":{"footnotes":""},"categories":[182,32],"tags":[118859,96683],"class_list":["post-526103","post","type-post","status-publish","format-standard","hentry","category-calcio","category-sport","tag-calcio-eccellenza","tag-varazze-don-bosco-1912","post_cat_citta-albenga","post_cat_citta-varazze","post_tag_personaggi-gianni-berogno"],"amp_validity":null,"amp_enabled":true,"_links":{"self":[{"href":"https:\/\/staging.ivg.it\/ediapi\/wp\/v2\/posts\/526103","targetHints":{"allow":["GET"]}}],"collection":[{"href":"https:\/\/staging.ivg.it\/ediapi\/wp\/v2\/posts"}],"about":[{"href":"https:\/\/staging.ivg.it\/ediapi\/wp\/v2\/types\/post"}],"author":[{"embeddable":true,"href":"https:\/\/staging.ivg.it\/ediapi\/wp\/v2\/users\/18"}],"replies":[{"embeddable":true,"href":"https:\/\/staging.ivg.it\/ediapi\/wp\/v2\/comments?post=526103"}],"version-history":[{"count":0,"href":"https:\/\/staging.ivg.it\/ediapi\/wp\/v2\/posts\/526103\/revisions"}],"wp:attachment":[{"href":"https:\/\/staging.ivg.it\/ediapi\/wp\/v2\/media?parent=526103"}],"wp:term":[{"taxonomy":"category","embeddable":true,"href":"https:\/\/staging.ivg.it\/ediapi\/wp\/v2\/categories?post=526103"},{"taxonomy":"post_tag","embeddable":true,"href":"https:\/\/staging.ivg.it\/ediapi\/wp\/v2\/tags?post=526103"}],"curies":[{"name":"wp","href":"https:\/\/api.w.org\/{rel}","templated":true}]}}