{"id":525968,"date":"2021-05-04T18:05:44","date_gmt":"2021-05-04T16:05:44","guid":{"rendered":"https:\/\/www.ivg.it\/?p=525968"},"modified":"2021-05-04T18:24:55","modified_gmt":"2021-05-04T16:24:55","slug":"vaccinazioni-a-domicilio-al-27-pd-allattacco-liguria-indietro-numeri-troppo-bassi","status":"publish","type":"post","link":"https:\/\/staging.ivg.it\/2021\/05\/vaccinazioni-a-domicilio-al-27-pd-allattacco-liguria-indietro-numeri-troppo-bassi\/","title":{"rendered":"Vaccinazioni a domicilio al 27%, Pd all&#8217;attacco: &#8220;Liguria indietro e dati non aggiornati&#8221;"},"content":{"rendered":"<p><strong>Liguria.<\/strong> Vaccinazione per invalidi over80 e invalidi assistiti a domicilio: su questo argomento sono state presentate due interrogazioni in Consiglio regionale, entrambe illustrate da Roberto Arboscello (Pd-Articolo Uno), e sottoscritte dai colleghi del gruppo.<\/p>\n<p>Nella prima Arboscello ha chiesto alla giunta il numero di somministrazioni (prima dose e ciclo vaccinale completo) effettuate sulle persone over 80 e a domicilio sugli invalidi. Il consigliere ha rilevato che la fase vaccinale contro il Covid-19 per tutti i cittadini invalidi con pi\u00f9 di 80 anni, che sono assistiti a domicilio, e i loro coniugi, coinvolti in qualit\u00e0 di caregiver, non sarebbe ancora iniziata.<\/p>\n<p>Nella seconda Arboscello ha chiesto in quale arco temporale si prevede la somministrazione almeno della prima dose e in che tempistiche si prevede il completamento del ciclo di vaccinazioni di tutti i soggetti che necessitano della vaccinazione presso il proprio domicilio.<\/p>\n<p>&#8220;Sull&#8217;andamento delle vaccinazioni agli over 80 a domicilio la risposta data dall&#8217;assessore Cavo conferma quanto denunciano i cittadini ma anche quello che da tempo sostenevamo noi e cio\u00e8 che, a domicilio, in Liguria non si sta vaccinando. Su una platea di 10mila persone e dai dati, aggiornati a 1 mese fa, il 27% ha ricevuto solo la prima dose, numeri bassissimi che fotografano una Regione troppo indietro su una categoria che ha priorit\u00e0 assoluta&#8221; afferma il consigliere regionale del Partito Democratico Roberto Arboscello.<\/p>\n<p>L\u2019assessore alle politiche sociosanitarie Ilaria Cavo ha risposto: &#8220;E\u2019 stato attivato il percorso per il potenziamento delle squadre dedicate alla vaccinazione di over80 e persone ad elevata fragilit\u00e0, compresi i disabili gravi insieme ai loro conviventi e\/o \u201ccaregiver\u201d. La popolazione identificata per la vaccinazione a domicilio in Regione Liguria ad oggi \u00e8 di circa 10 mila unit\u00e0&#8221;. <\/p>\n<p>L\u2019assessore ha poi specificato: &#8220;Per identificare i dati relativi alla popolazione vaccinata a domicilio, \u00e8 necessario ricorrere ai dati forniti dalle singole Asl&#8221;. <\/p>\n<p>Cavo ha quindi illustrato i dati raccolti fino al 12 aprile: &#8220;I numeri dei vaccinati a domicilio ammonta a circa 2.700 unit\u00e0, con un \u201ctarget\u201d indicativo del 27 per cento. Le tempistiche di tali vaccinazioni per i \u201ctarget\u201d individuati \u2013 ha aggiunto &#8211;  dipendendo in particolare dalle consegne di dosi effettuate dalle case farmaceutiche che non sono puntualmente stimabili e dal 12 aprile il dato si \u00e8 ulteriormente incrementato&#8221;.<\/p>\n<p>&#8220;L&#8217;assessore &#8211; sottolinea ancora Arboscello &#8211; ha detto che la platea \u00e8 di 10mila persone al domicilio da vaccinare ma che ad oggi il sistema &#8216;Poliss&#8217; non permette di sapere il numero di quanti sono stati vaccinati a domicilio. Gli unici numeri disponibili inoltre sono aggiornati al 12 aprile, un mese fa, quando risultava vaccinato con prima dose il 27% di questa fascia di utenti&#8221;.<\/p>\n<p>&#8220;Quindi &#8211; prosegue Arboscello &#8211; il dato bassissimo del 27% conferma come non si stia vaccinando una categoria che era gi\u00e0 prioritaria e confermata tale dall&#8217;ordinanza del commissario Figliuolo. In pratica \u00e8 migliorato il dato quantitativo, mentre rimangono forti criticit\u00e0 su quello qualitativo: vacciniamo le persone sbagliate, e siamo indietro su ultra fragili e le categorie over 80&#8221;.<\/p>\n<p>&#8220;Settimane fa &#8211; aggiunge il capogruppo Pd Luca Garibaldi &#8211; avevamo gi\u00e0 avanzato su questo tema una serie di proposte che ribadiamo. Ora per\u00f2 i vaccini ci sono, ne abbiamo ricevuti di pi\u00f9 proprio perch\u00e9 abbiamo pi\u00f9 fragili rispetto alle altre regioni e nonostante la Liguria sia prima per numero di vaccini fatti continuiamo a vaccinare per ultimi quelli che dovrebbero essere vaccinati per primi. A marzo avevamo chiesto di utilizzare le Pubbliche assistenze per i vaccini a domicilio, di fare una campagna di richiamo su tutti i domiciliati cambiando anche le modalit\u00e0 e poi che tutti gli over 80 fossero vaccinati entro la fine del mese. Ma su queste proposte oggi siamo indietro di 3 mesi&#8221;.<\/p>\n","protected":false},"excerpt":{"rendered":"<p>L&#8217;assessore Cavo: &#8220;Pronta la task force per invalidi over80 e disabili&#8221;. Arboscello (Pd): &#8220;Numeri comunque troppo bassi&#8221;<\/p>\n","protected":false},"author":4,"featured_media":0,"comment_status":"open","ping_status":"closed","sticky":false,"template":"","format":"standard","meta":{"footnotes":""},"categories":[45296,34],"tags":[1752,116179],"class_list":["post-525968","post","type-post","status-publish","format-standard","hentry","category-copertina","category-cronaca","tag-consiglio-regionale","tag-vaccino-covid","testate-www-genova24-it","post_tag_personaggi-ilaria-cavo","post_tag_personaggi-roberto-arboscello-2"],"amp_validity":null,"amp_enabled":true,"_links":{"self":[{"href":"https:\/\/staging.ivg.it\/ediapi\/wp\/v2\/posts\/525968","targetHints":{"allow":["GET"]}}],"collection":[{"href":"https:\/\/staging.ivg.it\/ediapi\/wp\/v2\/posts"}],"about":[{"href":"https:\/\/staging.ivg.it\/ediapi\/wp\/v2\/types\/post"}],"author":[{"embeddable":true,"href":"https:\/\/staging.ivg.it\/ediapi\/wp\/v2\/users\/4"}],"replies":[{"embeddable":true,"href":"https:\/\/staging.ivg.it\/ediapi\/wp\/v2\/comments?post=525968"}],"version-history":[{"count":0,"href":"https:\/\/staging.ivg.it\/ediapi\/wp\/v2\/posts\/525968\/revisions"}],"wp:attachment":[{"href":"https:\/\/staging.ivg.it\/ediapi\/wp\/v2\/media?parent=525968"}],"wp:term":[{"taxonomy":"category","embeddable":true,"href":"https:\/\/staging.ivg.it\/ediapi\/wp\/v2\/categories?post=525968"},{"taxonomy":"post_tag","embeddable":true,"href":"https:\/\/staging.ivg.it\/ediapi\/wp\/v2\/tags?post=525968"}],"curies":[{"name":"wp","href":"https:\/\/api.w.org\/{rel}","templated":true}]}}