{"id":525926,"date":"2021-05-04T15:46:22","date_gmt":"2021-05-04T13:46:22","guid":{"rendered":"http:\/\/www.ivg.it\/?p=525926"},"modified":"2021-05-04T17:11:25","modified_gmt":"2021-05-04T15:11:25","slug":"astrazeneca-per-gli-over-60-toti-comunicazioni-figliuolo-attendibili-ma-il-vaccino-non-si-puo-scegliere","status":"publish","type":"post","link":"https:\/\/staging.ivg.it\/2021\/05\/astrazeneca-per-gli-over-60-toti-comunicazioni-figliuolo-attendibili-ma-il-vaccino-non-si-puo-scegliere\/","title":{"rendered":"AstraZeneca per gli over 60, Toti: &#8220;Il vaccino non si pu\u00f2 scegliere&#8221;"},"content":{"rendered":"<p><strong>Genova<\/strong>. \u00c8 giunto ieri il suggerimento del commissario generale all&#8217;emergenza Covid riguardante la <strong>possibile somministrazione di AstraZeneca anche a chi ha meno di 60 anni<\/strong> nonostante la raccomandazione di Aifa che continua a circoscriverne l&#8217;uso alle fasce pi\u00f9 anziane.<\/p>\n<p>Secondo <strong>Figliuolo<\/strong> si tratta di un passaggio che potrebbe accelerare non di poco l&#8217;ultima fase della campagna vaccinale, ovvero quella riguardante la vaccinazione di massa che dovrebbe concludersi tra l&#8217;estate e l&#8217;autunno.<\/p>\n<p>Non ha mancato di dire la sua a riguarda il presidente ligure <strong>Giovanni Toti<\/strong>, che sposa l&#8217;iniziativa del commissario generale: &#8220;Le comunicazioni di Figliuolo? Le ritengo piuttosto attendibili&#8221; ha dichiarato.<\/p>\n<p>&#8220;Il principio cardine al quale credo ci dovremo uniformare, perch\u00e9 abbiamo poca scelta da questo punto di vista, \u00e8 quello che, <strong>via via che procedono i\u00a0<em>trial\u00a0<\/em>scientifici su un determinato vaccino viene via via abilitato, di conseguenza poi si prende la decisione politica<\/strong>&#8220;, conferma Toti. In altre parole, quando arriver\u00e0 il via libera per l&#8217;uso di AstraZeneca sotto i 60 anni, la Liguria si conformer\u00e0 subito alle nuove linee guida.<\/p>\n<p>Toti per\u00f2 avverte: &#8220;Capisco le difficolt\u00e0, ma<strong> il concetto che deve passare alla popolazione \u00e8 che non si sceglie la tipologia di vaccino<\/strong> a cui si \u00e8 sottoposti: <strong>la scienza sceglie al meglio<\/strong> e il commissario Figliuolo distribuir\u00e0 alle regioni un numero tale di vaccini per cui<strong> non ci sar\u00e0 libert\u00e0 di scelta<\/strong>. La discrezionalit\u00e0 degli organi regionali, ma anche del medico, \u00e8 molto modesta e il cittadino deve sapere che non vi \u00e8 una scleta di prodotto, si attribuisce il prodotto pi\u00f9 adatto per la sua tipologia. Questo accadr\u00e0 con l&#8217;ingresso dei nuovi vaccini e con quelli che abbiamo gi\u00e0&#8221;.<\/p>\n<p>Probabile che il cambio di rotta sul vaccino anglo-svedese arrivi<strong> entro l&#8217;11 maggio, quando la Liguria<\/strong> &#8211; come confermato di recente dallo stesso governatore &#8211; <strong>sbloccher\u00e0 le prenotazioni per i vulnerabili under 60 e per la fascia 55-59 anni<\/strong>. Oggi queste persone dovrebbero essere vaccinate con Pfizer o Moderna (le stesse dosi necessarie per immunizzare over 80 e ultrafragili), ma a breve lo scenario potrebbe cambiare radicalmente.<\/p>\n<p>D&#8217;altra parte, proprio nelle scorse ore l&#8217;Ema ha pubblicato un nuovo studio su rischi e benefici del vaccino AstraZeneca per ogni fascia di et\u00e0. In generale si conferma che i benefici superano di gran lunga il rischio di sviluppare una forma di trombosi, ma<strong> per alcune fasce d&#8217;et\u00e0 al di sotto dei 30 anni questo rischio potrebbe essere paragonabile o superiore a quello del Covid<\/strong>.<\/p>\n<p>Intanto per il mese di maggio in Liguria sono attese ben<strong> 300mila dosi di vaccino\u00a0<\/strong>la maggior parte delle quali, quasi <strong>250mila<\/strong>, saranno ancora <strong>Pfizer<\/strong> e <strong>Moderna<\/strong> mentre AstraZeneca e Johnson &amp; Johnson saranno una piccola parte (in tutto poco pi\u00f9 di 50mila). Nelle prossime settimane il ritmo delle somministrazioni <strong>salir\u00e0 verso quota 100mila dosi alla settimana<\/strong>.<\/p>\n","protected":false},"excerpt":{"rendered":"<p>Dall&#8217;11 maggio al via le prenotazioni per la fascia 55-59 anni e vulnerabili under 60. In arrivo 300mila dosi a maggio<\/p>\n","protected":false},"author":20028,"featured_media":0,"comment_status":"open","ping_status":"closed","sticky":false,"template":"","format":"standard","meta":{"footnotes":""},"categories":[45296,34],"tags":[116179],"class_list":["post-525926","post","type-post","status-publish","format-standard","hentry","category-copertina","category-cronaca","tag-vaccino-covid","post_tag_personaggi-giovanni-toti"],"amp_validity":null,"amp_enabled":true,"_links":{"self":[{"href":"https:\/\/staging.ivg.it\/ediapi\/wp\/v2\/posts\/525926","targetHints":{"allow":["GET"]}}],"collection":[{"href":"https:\/\/staging.ivg.it\/ediapi\/wp\/v2\/posts"}],"about":[{"href":"https:\/\/staging.ivg.it\/ediapi\/wp\/v2\/types\/post"}],"author":[{"embeddable":true,"href":"https:\/\/staging.ivg.it\/ediapi\/wp\/v2\/users\/20028"}],"replies":[{"embeddable":true,"href":"https:\/\/staging.ivg.it\/ediapi\/wp\/v2\/comments?post=525926"}],"version-history":[{"count":0,"href":"https:\/\/staging.ivg.it\/ediapi\/wp\/v2\/posts\/525926\/revisions"}],"wp:attachment":[{"href":"https:\/\/staging.ivg.it\/ediapi\/wp\/v2\/media?parent=525926"}],"wp:term":[{"taxonomy":"category","embeddable":true,"href":"https:\/\/staging.ivg.it\/ediapi\/wp\/v2\/categories?post=525926"},{"taxonomy":"post_tag","embeddable":true,"href":"https:\/\/staging.ivg.it\/ediapi\/wp\/v2\/tags?post=525926"}],"curies":[{"name":"wp","href":"https:\/\/api.w.org\/{rel}","templated":true}]}}