{"id":525639,"date":"2021-05-02T16:32:21","date_gmt":"2021-05-02T14:32:21","guid":{"rendered":"https:\/\/www.ivg.it\/?p=525639"},"modified":"2021-05-02T16:32:21","modified_gmt":"2021-05-02T14:32:21","slug":"sostegno-a-minori-anziani-e-disabili-assistenza-domiciliare-traporto-sociale-dalla-regione-8-mln-di-euro-ai-distretti-socio-sanitari","status":"publish","type":"post","link":"https:\/\/staging.ivg.it\/2021\/05\/sostegno-a-minori-anziani-e-disabili-assistenza-domiciliare-traporto-sociale-dalla-regione-8-mln-di-euro-ai-distretti-socio-sanitari\/","title":{"rendered":"Sostegno a minori, anziani e disabili, assistenza domiciliare, traporto sociale: dalla Regione 8 mln di euro ai distretti socio-sanitari"},"content":{"rendered":"<p><strong>Regione<\/strong>. Via libera della giunta regionale, su proposta dell&#8217;assessorato alle politiche sociali, al riparto tra i 19 distretti socio sanitari liguri degli 8 milioni di euro come fondo regionale per le politiche sociali 2021. Lo stanziamento viene programmato tenuto conto delle indicazioni del piano sociale integrato regionale vigente.<\/p>\n<p>&#8220;Il sostegno alle famiglie e alle persone in difficolt\u00e0 \u00e8 sempre doveroso &#8211; dichiara il presidente di Regione Liguria Giovanni Toti &#8211; ma nell&#8217;attuale emergenza sanitaria porta un valore aggiunto di protezione sociale che diventa decisivo per la qualit\u00e0 della vita e dell&#8217;assistenza di molte persone. Ringrazio le amministrazioni comunali e chi lavora nei distretti sociosanitari per il prezioso e insostituibile lavoro di rilevazione delle esigenze reali sul territorio, sul quale si basa l&#8217;efficacia di questa misura&#8221;.<\/p>\n<p>&#8220;Si tratta di una misura collaudata particolarmente attesa dagli enti locali &#8211; dichiara l&#8217;assessore regionale alle politiche socio sanitarie Ilaria Cavo &#8211; soprattutto in un momento come questo con bisogni crescenti dovuti agli effetti della pandemia. Abbiamo confermato anche quest&#8217;anno un intervento che non \u00e8 affatto scontato nelle dimensioni. Una misura basata sul bilancio discrezionale di Regione Liguria per venire incontro alle esigenze dei comuni&#8221;.<\/p>\n<p>Con questi otto milioni si vanno in particolare a sostenere gli interventi per i minori e quindi quelli educativi, le spese delle comunit\u00e0 alloggio, dei centri diurni e aggregativi e gli interventi per le persone anziane e disabili. Particolarmente importanti il supporto all&#8217;assistenza domiciliare, agli interventi nei centri diurni e il trasporto sociale. Nella misura sono inclusi gli interventi di sostegno alle famiglie, soprattutto quelle in difficolt\u00e0, e le spese del segretariato sociale ovvero lo sportello per ottenere informazioni, interventi e presa in carico dei soggetti deboli.<\/p>\n<p>&#8220;Lo stanziamento che affianca le risorse nazionali ancora da ripartire &#8211; sottolinea l&#8217;assessore Ilaria Cavo &#8211; \u00e8 definito in base ai bisogni con i distretti ed \u00e8 uno dei pi\u00f9 importanti che la Regione propone per il sociale assieme al contributo di solidariet\u00e0 e al fondo per la non autosufficienza&#8221;<\/p>\n","protected":false},"excerpt":{"rendered":"<p>Lo stanziamento viene programmato tenuto conto delle indicazioni del piano sociale integrato regionale vigent<\/p>\n","protected":false},"author":12120,"featured_media":0,"comment_status":"open","ping_status":"closed","sticky":false,"template":"","format":"standard","meta":{"footnotes":""},"categories":[45296,56],"tags":[],"class_list":["post-525639","post","type-post","status-publish","format-standard","hentry","category-copertina","category-altre","testate-www-genova24-it","post_tag_personaggi-giovanni-toti","post_tag_personaggi-ilaria-cavo"],"amp_validity":null,"amp_enabled":true,"_links":{"self":[{"href":"https:\/\/staging.ivg.it\/ediapi\/wp\/v2\/posts\/525639","targetHints":{"allow":["GET"]}}],"collection":[{"href":"https:\/\/staging.ivg.it\/ediapi\/wp\/v2\/posts"}],"about":[{"href":"https:\/\/staging.ivg.it\/ediapi\/wp\/v2\/types\/post"}],"author":[{"embeddable":true,"href":"https:\/\/staging.ivg.it\/ediapi\/wp\/v2\/users\/12120"}],"replies":[{"embeddable":true,"href":"https:\/\/staging.ivg.it\/ediapi\/wp\/v2\/comments?post=525639"}],"version-history":[{"count":0,"href":"https:\/\/staging.ivg.it\/ediapi\/wp\/v2\/posts\/525639\/revisions"}],"wp:attachment":[{"href":"https:\/\/staging.ivg.it\/ediapi\/wp\/v2\/media?parent=525639"}],"wp:term":[{"taxonomy":"category","embeddable":true,"href":"https:\/\/staging.ivg.it\/ediapi\/wp\/v2\/categories?post=525639"},{"taxonomy":"post_tag","embeddable":true,"href":"https:\/\/staging.ivg.it\/ediapi\/wp\/v2\/tags?post=525639"}],"curies":[{"name":"wp","href":"https:\/\/api.w.org\/{rel}","templated":true}]}}