{"id":525402,"date":"2021-04-30T09:43:37","date_gmt":"2021-04-30T07:43:37","guid":{"rendered":"https:\/\/www.ivg.it\/?p=525402"},"modified":"2021-04-30T10:22:13","modified_gmt":"2021-04-30T08:22:13","slug":"riaprire-i-parchi-le-caravalle-aderiscono-alla-petizione-raggiunte-quasi-15mila-firme","status":"publish","type":"post","link":"https:\/\/staging.ivg.it\/2021\/04\/riaprire-i-parchi-le-caravalle-aderiscono-alla-petizione-raggiunte-quasi-15mila-firme\/","title":{"rendered":"&#8220;Riaprire i parchi&#8221;, Le Caravelle aderiscono alla petizione: raggiunte quasi 15mila firme"},"content":{"rendered":"<p><strong>Ceriale<\/strong>. E&#8217; stata lanciata una <strong>raccolta firme online<\/strong> dall&#8217;organizzazione di categoria che rappresenta parchi tematici, acquatici, zoo ed acquari italiani Parchi Permanenti Italiani &#8211; Federturismo per chiedere di <strong>anticipare la riapertura dei parchi divertimento<\/strong>. Infatti, al momento, nella deadline delle ripartenze, stabilita dall&#8217;ultimo decreto dell&#8217;esecutivo Draghi, la <strong>data prevista<\/strong> per questo settore \u00e8 l&#8217;<strong>1 luglio<\/strong>.<\/p>\n<p>Cos\u00ec anche il <strong>Parco Acquatico Le Caravelle di Ceriale<\/strong> si unisce alla richiesta avanzata dalla categoria ed <strong>esorta sulla propria pagina Facebook<\/strong>: &#8220;<strong>Ripartiamo insieme? Per farlo abbiamo bisogno di te<\/strong>: diffondi insieme a noi questo messaggio e <a href=\"https:\/\/riaprireiparchidivertimento.funtastic.it\/?fbclid=IwAR2RWbl3MFOzYMAOpZXavS_yVzPLxcHioMnz2xoxhjwhMiSRAGfmmRg76FQ\">tramite il link<\/a> aiutaci firmando la petizione dell&#8217;associazione Parchi Permanenti Italiani&#8221;.<\/p>\n<p>La categoria fa notare al governo che i parchi &#8220;<strong>sono fondamentalmente all\u2019aperto <\/strong>&#8211; \u00e8 spiegato nel testo della petizione -, con ampi spazi e con protocolli di sicurezza efficaci e gi\u00e0 adottati con successo nel 2020&#8243; e che in questa fase \u00e8 stata &#8220;<strong>data priorit\u00e0 per attivit\u00e0 che si svolgono al chiuso<\/strong> o che non offrono i livelli di sicurezza a noi garantiti&#8221;.<\/p>\n<p>Sono queste le motivazioni riportate per sostenere la causa. L&#8217;obiettivo \u00e8 fissato a 40 mila firme, al momento sono state <strong>state quasi raggiunte 15 mila firme<\/strong>. &#8220;Voi tutti che ci seguite &#8211; si legge ancora nella pagina della raccolta firme &#8211; <strong>avete diritto di tornare a vivere una giornata divertente e sicura nei nostri parchi<\/strong> chiusi ormai da fine ottobre, cos\u00ec come i nostri dipendenti, fermi da troppi mesi, che non vedono l\u2019ora di tornare a regalare sorrisi a tutti gli ospiti&#8221;.<\/p>\n","protected":false},"excerpt":{"rendered":"<p>&#8220;Sono fondamentalmente all\u2019aperto con ampi spazi e con protocolli di sicurezza efficaci e gi\u00e0 adottati con successo nel 2020&#8221;<\/p>\n","protected":false},"author":20734,"featured_media":0,"comment_status":"open","ping_status":"closed","sticky":false,"template":"","format":"standard","meta":{"footnotes":""},"categories":[45296,56],"tags":[23329],"class_list":["post-525402","post","type-post","status-publish","format-standard","hentry","category-copertina","category-altre","tag-le-caravelle","post_cat_citta-ceriale"],"amp_validity":null,"amp_enabled":true,"_links":{"self":[{"href":"https:\/\/staging.ivg.it\/ediapi\/wp\/v2\/posts\/525402","targetHints":{"allow":["GET"]}}],"collection":[{"href":"https:\/\/staging.ivg.it\/ediapi\/wp\/v2\/posts"}],"about":[{"href":"https:\/\/staging.ivg.it\/ediapi\/wp\/v2\/types\/post"}],"author":[{"embeddable":true,"href":"https:\/\/staging.ivg.it\/ediapi\/wp\/v2\/users\/20734"}],"replies":[{"embeddable":true,"href":"https:\/\/staging.ivg.it\/ediapi\/wp\/v2\/comments?post=525402"}],"version-history":[{"count":0,"href":"https:\/\/staging.ivg.it\/ediapi\/wp\/v2\/posts\/525402\/revisions"}],"wp:attachment":[{"href":"https:\/\/staging.ivg.it\/ediapi\/wp\/v2\/media?parent=525402"}],"wp:term":[{"taxonomy":"category","embeddable":true,"href":"https:\/\/staging.ivg.it\/ediapi\/wp\/v2\/categories?post=525402"},{"taxonomy":"post_tag","embeddable":true,"href":"https:\/\/staging.ivg.it\/ediapi\/wp\/v2\/tags?post=525402"}],"curies":[{"name":"wp","href":"https:\/\/api.w.org\/{rel}","templated":true}]}}