{"id":525085,"date":"2021-04-28T07:43:26","date_gmt":"2021-04-28T05:43:26","guid":{"rendered":"https:\/\/www.ivg.it\/?p=525085"},"modified":"2021-04-28T07:43:26","modified_gmt":"2021-04-28T05:43:26","slug":"tavolo-della-sicurezza-di-loano-la-riunione-del-4-maggio-dedicata-alla-videosorveglianza","status":"publish","type":"post","link":"https:\/\/staging.ivg.it\/2021\/04\/tavolo-della-sicurezza-di-loano-la-riunione-del-4-maggio-dedicata-alla-videosorveglianza\/","title":{"rendered":"\u201cTavolo della Sicurezza\u201d di Loano, la riunione del 4 maggio dedicata alla videosorveglianza"},"content":{"rendered":"<p><strong>Loano.<\/strong> Sar\u00e0 dedicato a \u201cL&#8217;impianto di videosorveglianza: dall&#8217;innovazione all&#8217;integrazione\u201d la prossima riunione del Tavolo della Sicurezza, il progetto di sicurezza partecipata promosso dall&#8217;assessorato alla polizia locale del Comune di Loano e che vede amministratori, cittadini e associazioni coinvolti in prima persona nell&#8217;elaborazione di strategie di contrasto al fenomeno dell\u2019insicurezza urbana.<\/p>\n<p>L&#8217;incontro \u00e8 in programma marted\u00ec 4 maggio alle 18 in streaming sulla piattaforma Google Meet e sar\u00e0 strutturato come una vera e propria \u201ctavola rotonda\u201d durante la quale rappresentanti delle categorie, delle associazioni e semplici cittadini potranno intervenire rivolgendo domande all&#8217;amministrazione o proponendo idee e soluzioni per migliorare ulteriormente l&#8217;impianto di videosorveglianza comunale. Inoltre, verranno forniti alcune informazioni sul funzionamento degli impianti e sull&#8217;utilizzo delle immagini catturate dalle telecamere, al fine anche di smentire alcune \u201cvoci\u201d non corrette circolate anche e soprattutto sui social-network.<\/p>\n<p>Durante la riunione verranno inoltre analizzate le iniziative messe in campo dall&#8217;amministrazione comunale in tale ambito: \u201cNegli ultimi mesi \u2013 ricorda il sindaco Luigi Pignocca \u2013 abbiamo effettuato un radicale intervento di manutenzione che ci ha portato alla sostituzione del 35 per cento delle vecchie telecamere con nuovi &#8216;occhi elettronici&#8217; con risoluzione fino a 4 megapixel. Inoltre 21 apparecchi ammalorati sono stati rimpiazzati con altrettanti di medesima qualit\u00e0 e quindi senza alcun abbassamento degli standard. Al fine di garantire la piena funzionalit\u00e0 degli apparati, la banda \u00e8 stata potenziata fino a 500 mega ed il software di gestione aggiornato. Il sistema consente di conservare le immagini registrate per sette giorni\u201d.<\/p>\n<p>Completano l&#8217;impianto altri 15 apparecchi per la lettura targhe posizionati ai confini con i comuni limitrofi e che consentono di monitorare i veicoli in entrata ed in uscita sul nostro territorio. Senza dimenticare le altre telecamere posizionate in luoghi particolarmente sensibili come i plessi scolastici, i palazzetti dello sport, la sede della protezione civile di via Magenta. Il nuovo sistema \u00e8 collegato con le forze dell&#8217;ordine, la Questura ed il Snctt (Sistema Centralizzato Nazionale Targhe e Transiti) consente di effettuare il rintraccio di persone o veicoli e, qualora fosse necessario, \u00e8 addirittura di calcolare quante persone occupano una determinata zona. Un&#8217;opzione molto utile in questa fase di emergenza sanitaria che obbliga a contingentare gli accessi a determinate zone ad alta criticit\u00e0.<\/p>\n<p>Nel prossimo periodo l&#8217;impianto sar\u00e0 ulteriormente potenziato ed ampliato grazie al contributo dei cittadini: \u201cAttualmente \u2013 aggiunge l&#8217;assessore alla polizia locale Enrica Rocca \u2013 siamo al lavoro per inglobare nel nostro sistema comunale anche le telecamere private, come quelle di condominii o negozi. Tale collegamento sar\u00e0 co-finanziato dal Comune al 50% per impianti al di sotto dei 5.000 euro (Iva esclusa) e al 60% per impianti al di sopra dei 5.000 euro (Iva esclusa). Inoltre, stiamo valutando le modalit\u00e0 per installare (qualora non ve ne siano gi\u00e0) telecamere nelle aree in cui sono gi\u00e0 attivi gruppi di Controllo di Vicinato. Successivamente, avvieremo una progettazione pi\u00f9 organica per potenziare in maniera pi\u00f9 decisa le infrastrutture, che ovviamente dovranno essere adeguate a &#8216;sopportare&#8217; il carico dei nuovi apparecchi\u201d.<\/p>\n<p>L\u2019incontro \u00e8 aperto a tutta la cittadinanza e sar\u00e0 trasmesso sul canale YouTube del Comune di Loano. Chi \u00e8 interessato a prendere parte attivamente all&#8217;incontro dovr\u00e0 richiedere il link di collegamento (tramite Google Meet) via mail all&#8217;indirizzo tavolodellasicurezza@comuneloano.it. Eventuali domande e quesiti dovranno essere inviati allo stesso indirizzo di posta elettronica insieme alla richiesta di partecipazione. Tutte le domande raccolte (con le relative risposte) saranno trasformate in Faq e pubblicate sul sito istituzionale del Comune di Loano.<\/p>\n","protected":false},"excerpt":{"rendered":"<p>Una \u201ctavola rotonda\u201d durante la quale rappresentanti delle categorie, delle associazioni e semplici cittadini potranno proporre soluzioni per migliorare l&#8217;impianto<\/p>\n","protected":false},"author":10593,"featured_media":0,"comment_status":"open","ping_status":"closed","sticky":false,"template":"","format":"standard","meta":{"footnotes":""},"categories":[45296,56],"tags":[3770],"class_list":["post-525085","post","type-post","status-publish","format-standard","hentry","category-copertina","category-altre","tag-videosorveglianza","post_cat_citta-loano","post_tag_personaggi-enrica-rocca","post_tag_personaggi-luigi-pignocca"],"amp_validity":null,"amp_enabled":true,"_links":{"self":[{"href":"https:\/\/staging.ivg.it\/ediapi\/wp\/v2\/posts\/525085","targetHints":{"allow":["GET"]}}],"collection":[{"href":"https:\/\/staging.ivg.it\/ediapi\/wp\/v2\/posts"}],"about":[{"href":"https:\/\/staging.ivg.it\/ediapi\/wp\/v2\/types\/post"}],"author":[{"embeddable":true,"href":"https:\/\/staging.ivg.it\/ediapi\/wp\/v2\/users\/10593"}],"replies":[{"embeddable":true,"href":"https:\/\/staging.ivg.it\/ediapi\/wp\/v2\/comments?post=525085"}],"version-history":[{"count":0,"href":"https:\/\/staging.ivg.it\/ediapi\/wp\/v2\/posts\/525085\/revisions"}],"wp:attachment":[{"href":"https:\/\/staging.ivg.it\/ediapi\/wp\/v2\/media?parent=525085"}],"wp:term":[{"taxonomy":"category","embeddable":true,"href":"https:\/\/staging.ivg.it\/ediapi\/wp\/v2\/categories?post=525085"},{"taxonomy":"post_tag","embeddable":true,"href":"https:\/\/staging.ivg.it\/ediapi\/wp\/v2\/tags?post=525085"}],"curies":[{"name":"wp","href":"https:\/\/api.w.org\/{rel}","templated":true}]}}