{"id":524499,"date":"2021-04-23T15:17:55","date_gmt":"2021-04-23T13:17:55","guid":{"rendered":"https:\/\/www.ivg.it\/?p=524499"},"modified":"2021-04-23T15:17:55","modified_gmt":"2021-04-23T13:17:55","slug":"riaperture-il-comune-di-savona-si-prepara-piu-controlli-dopo-le-18-e-allingresso-e-alluscita-delle-scuole","status":"publish","type":"post","link":"https:\/\/staging.ivg.it\/2021\/04\/riaperture-il-comune-di-savona-si-prepara-piu-controlli-dopo-le-18-e-allingresso-e-alluscita-delle-scuole\/","title":{"rendered":"Riaperture, il Comune di Savona si prepara: pi\u00f9 controlli dopo le 18 e all&#8217;ingresso e all&#8217;uscita delle scuole"},"content":{"rendered":"<p><strong>Savona<\/strong>. &#8220;Abbiamo ipotizzato un rafforzamento dei controlli dopo le ore 18.00 nelle zone pi\u00f9 sensibili della Citt\u00e0 da luned\u00ec 26 a venerd\u00ec 29 aprile. Ci\u00f2 anche per monitorare la situazione e valutare eventuali ulteriori azioni per il fine settimana del primo maggio&#8221;.<\/p>\n<p>A comunicarlo \u00e8 il sindaco di Savona Ilaria Caprioglio dopo le riunioni, che si sono tenute in questi giorni in Regione e in Prefettura, e gli incontri con le associazioni di categoria per affrontare al meglio la data di riapertura fissata per luned\u00ec 26 aprile.<\/p>\n<p>&#8220;Abbiamo affrontato, inoltre &#8211; aggiunge -, il problema dei trasporti degli studenti delle scuole superiori che torneranno in presenza al 70% garantendo da parte nostra i controlli negli orari scolastici di ingresso e di uscita&#8221;.<\/p>\n<p>&#8220;Abbiamo, infine, garantito il massimo sostegno alle categorie e siamo gi\u00e0 al lavoro per le ripresa degli eventi culturali. Rinnoviamo l&#8217;invito alla Cittadinanza &#8211; conclude Caprioglio &#8211; a porre in essere condotte responsabili affinch\u00e9 non si torni pi\u00f9 indietro e si possa guardare con fiducia all&#8217;imminente stagione estiva&#8221;.<\/p>\n","protected":false},"excerpt":{"rendered":"<p>Si sono tenute in questi giorni le riunioni in Regione e in Prefettura<\/p>\n","protected":false},"author":20734,"featured_media":0,"comment_status":"open","ping_status":"closed","sticky":false,"template":"","format":"standard","meta":{"footnotes":""},"categories":[45296,34],"tags":[118930],"class_list":["post-524499","post","type-post","status-publish","format-standard","hentry","category-copertina","category-cronaca","tag-riapertura-26-aprile","post_cat_citta-savona","post_tag_personaggi-ilaria-caprioglio"],"amp_validity":null,"amp_enabled":true,"_links":{"self":[{"href":"https:\/\/staging.ivg.it\/ediapi\/wp\/v2\/posts\/524499","targetHints":{"allow":["GET"]}}],"collection":[{"href":"https:\/\/staging.ivg.it\/ediapi\/wp\/v2\/posts"}],"about":[{"href":"https:\/\/staging.ivg.it\/ediapi\/wp\/v2\/types\/post"}],"author":[{"embeddable":true,"href":"https:\/\/staging.ivg.it\/ediapi\/wp\/v2\/users\/20734"}],"replies":[{"embeddable":true,"href":"https:\/\/staging.ivg.it\/ediapi\/wp\/v2\/comments?post=524499"}],"version-history":[{"count":0,"href":"https:\/\/staging.ivg.it\/ediapi\/wp\/v2\/posts\/524499\/revisions"}],"wp:attachment":[{"href":"https:\/\/staging.ivg.it\/ediapi\/wp\/v2\/media?parent=524499"}],"wp:term":[{"taxonomy":"category","embeddable":true,"href":"https:\/\/staging.ivg.it\/ediapi\/wp\/v2\/categories?post=524499"},{"taxonomy":"post_tag","embeddable":true,"href":"https:\/\/staging.ivg.it\/ediapi\/wp\/v2\/tags?post=524499"}],"curies":[{"name":"wp","href":"https:\/\/api.w.org\/{rel}","templated":true}]}}