{"id":524408,"date":"2021-04-22T17:21:14","date_gmt":"2021-04-22T15:21:14","guid":{"rendered":"https:\/\/www.ivg.it\/?p=524408"},"modified":"2021-04-22T17:30:58","modified_gmt":"2021-04-22T15:30:58","slug":"no-allinchiesta-pubblica-sulla-centrale-a-turbogas-di-tirreno-power-il-sindaco-isetta-decisione-politica","status":"publish","type":"post","link":"https:\/\/staging.ivg.it\/2021\/04\/no-allinchiesta-pubblica-sulla-centrale-a-turbogas-di-tirreno-power-il-sindaco-isetta-decisione-politica\/","title":{"rendered":"No all&#8217;inchiesta pubblica sulla centrale a turbogas di Tirreno Power, il sindaco Isetta: &#8220;Decisione politica&#8221;"},"content":{"rendered":"<p><strong>Vado L.\/Quiliano.<\/strong> E&#8217; stata <strong>respinta la richiesta di un&#8217;inchiesta pubblica in merito al progetto di realizzazione di una nuova unit\u00e0 a ciclo combinato nella centrale termoelettrica a Vado Ligure proposta da Tirreno Power<\/strong>. La decisione arriva dal Ministero della Transizione Ecologica che si \u00e8 pronunciato sulle istanze presentate dal comune di Quiliano, dal WWF Italia e da Uniti per la Salute.<\/p>\n<p><em><strong>Ecco le motivazioni:<\/strong><\/em><br \/>\n<em>&#8220;Le modalit\u00e0 di svolgimento della consultazione dei soggetti pubblici e privati interessati sono adeguate ed esaustive per il caso specifico. Si rileva peraltro che tali modalit\u00e0 ampiamente sperimentate e familiari per i soggetti a vario titolo interessati abbiano efficacemente sortito il loro scopo tanto che sono gi\u00e0 pervenute osservazioni poste all&#8217;attenzione della Commissione Tecnica di verifica dell&#8217;impatto ambientale per le attivit\u00e0 istruttorie di competenza nonch\u00e9 disponibili per eventuali controdeduzioni da parte del proponente. Quanto sopra anche alla luce del fatto anche i soggetti richiedenti l&#8217;inchiesta pubblica hanno gi\u00e0 espresso le loro osservazioni&#8221;.<\/em><\/p>\n<p><em>&#8220;La contingente situazione di emergenza sanitaria consentirebbe lo svolgimento dell&#8217;inchiesta pubblica unicamente in modalit\u00e0 telematica equiparandola di fatto alla consultazione gi\u00e0 svolta con le modalit\u00e0 previste, che, ha efficacemente assolto l&#8217;esigenza consultiva per il progetto in esame&#8221;.<\/em><\/p>\n<p><em>&#8220;In conclusione, nel richiamare altres\u00ec i principi cardine dell\u2019azione amministrativa di efficacia ed economicit\u00e0 procedimentale, dopo attenta ponderazione e valutazione di tutti gli elementi, considerato che lo svolgimento di un\u2019inchiesta pubblica, allo stato<\/em><br \/>\n<em>degli atti, nulla pu\u00f2 aggiungere a vantaggio del procedimento e della partecipazione della collettivit\u00e0 si ritiene di non dare corso alla richiesta formulata&#8221; conclude la nota ministeriale.<\/em><\/p>\n<p>Il documento del Ministero della Transizione Ecologica ha scatenato le<strong> prime reazioni: &#8220;Come sindaco del Comune di Quiliano<\/strong> prendo atto con rammarico della decisione assunta del Ministero della Transizione Ecologica che ha ritenuto di non dare corso alla richiesta di svolgimento di un\u2019inchiesta pubblica ai sensi dell\u2019art 24-bis del D.Lgs 152\/2006, in riferimento al &#8216;progetto di realizzazione di una nuova unit\u00e0 a ciclo combinato nella Centrale Termoelettrica Vado Ligure'&#8221; dichiara con durezza il sindaco Nicola Isetta.<\/p>\n<p>&#8220;Mi hanno molto <strong>sorpreso le motivazioni<\/strong> indicate. La proposta <strong>non \u00e8 stata respinta per motivazioni formali, ma evidentemente su discutibili ragioni di merito<\/strong> &#8211; prosegue -. L\u2019inchiesta pubblica avrebbe consentito di chiarire, attraverso una lettura delle diverse espressioni, la sostanza reale dei contenuti della proposta progettuale. Avrebbe consentito, soprattutto, di farlo in modo partecipato&#8221;.<\/p>\n<p>&#8220;Ricordo che tra le motivazioni portate vi erano <strong>questioni rilevanti<\/strong> come: le analisi fatte dall\u2019ISPRA sul danno ambientale sub\u00ecto dal territorio, conseguente all\u2019attivit\u00e0 della centrale a carbone, i potenziali impatti ambientali del progetto, in relazione al contesto dei contributi emissivi di tutte le realt\u00e0 produttive, i limiti del Piano Energetico Ambientale Regionale PEAR 2014-2020, non allineato n\u00e9 agli obiettivi delineati dalla prima Strategia Energetica Nazionale (SEN 2017) n\u00e9 al Piano Nazionale Integrato per l&#8217;Energia e il Clima 2021-2030 (PNIEC)&#8221; continua il sindaco.<\/p>\n<p>&#8220;Infine ricordo che il nuovo progetto si inserisce in una situazione complessa, dove gli interessi in campo hanno tutti rilevanza costituzionale e sostanziale, potenzialmente in conflitto tra loro: da un lato la <strong>tutela della salute e dell\u2019ambiente e dall\u2019altro dell\u2019economia e del lavoro<\/strong>. L\u2019inchiesta pubblica, avrebbe consentito di chiarire e superare le contraddizioni e di compiere una valutazione complessiva degli impatti ambientali, dal momento che, sinora, i diversi procedimenti si sono svolti in maniera indipendente fra loro. Avrebbe permesso di affrontare in modo, veloce, dialettico e diverso la situazione, una scelta che ricade e interessa in modo prospettico, per decenni, il territorio coinvolto e la sua popolazione&#8221;.<\/p>\n<p>&#8220;Il Comune di Quiliano continuer\u00e0 a svolgere in modo serio, determinato e collaborativo il proprio ruolo, insieme ai soggetti istituzioni coinvolti&#8221; conclude il primo cittadino quilianese, con riferimento alla <strong>battaglia in atto sul progetto e sullo stretto controllo ambientale<\/strong>.<\/p>\n","protected":false},"excerpt":{"rendered":"<p>Dopo la decisione del Ministero sulla richiesta avanzata dal comune di Quiliano, dal WWF Italia e da Uniti per la Salute<\/p>\n","protected":false},"author":21213,"featured_media":0,"comment_status":"open","ping_status":"closed","sticky":false,"template":"","format":"standard","meta":{"footnotes":""},"categories":[45296,35],"tags":[25270,64571,3931],"class_list":["post-524408","post","type-post","status-publish","format-standard","hentry","category-copertina","category-economia","tag-ampliamento-tirreno-power","tag-centrale-tirreno-power","tag-tirreno-power","post_cat_citta-quiliano","post_cat_citta-vado-ligure","post_tag_personaggi-nicola-isetta"],"amp_validity":null,"amp_enabled":true,"_links":{"self":[{"href":"https:\/\/staging.ivg.it\/ediapi\/wp\/v2\/posts\/524408","targetHints":{"allow":["GET"]}}],"collection":[{"href":"https:\/\/staging.ivg.it\/ediapi\/wp\/v2\/posts"}],"about":[{"href":"https:\/\/staging.ivg.it\/ediapi\/wp\/v2\/types\/post"}],"author":[{"embeddable":true,"href":"https:\/\/staging.ivg.it\/ediapi\/wp\/v2\/users\/21213"}],"replies":[{"embeddable":true,"href":"https:\/\/staging.ivg.it\/ediapi\/wp\/v2\/comments?post=524408"}],"version-history":[{"count":0,"href":"https:\/\/staging.ivg.it\/ediapi\/wp\/v2\/posts\/524408\/revisions"}],"wp:attachment":[{"href":"https:\/\/staging.ivg.it\/ediapi\/wp\/v2\/media?parent=524408"}],"wp:term":[{"taxonomy":"category","embeddable":true,"href":"https:\/\/staging.ivg.it\/ediapi\/wp\/v2\/categories?post=524408"},{"taxonomy":"post_tag","embeddable":true,"href":"https:\/\/staging.ivg.it\/ediapi\/wp\/v2\/tags?post=524408"}],"curies":[{"name":"wp","href":"https:\/\/api.w.org\/{rel}","templated":true}]}}