{"id":524404,"date":"2021-04-22T17:04:56","date_gmt":"2021-04-22T15:04:56","guid":{"rendered":"https:\/\/www.ivg.it\/?p=524404"},"modified":"2021-04-22T17:04:56","modified_gmt":"2021-04-22T15:04:56","slug":"albenga-roberto-tomatis-e-bruno-robello-pronti-a-entrare-in-fratelli-ditalia","status":"publish","type":"post","link":"https:\/\/staging.ivg.it\/2021\/04\/albenga-roberto-tomatis-e-bruno-robello-pronti-a-entrare-in-fratelli-ditalia\/","title":{"rendered":"Albenga, Roberto Tomatis e Bruno Robello pronti a entrare in Fratelli d\u2019Italia"},"content":{"rendered":"<p><strong>Albenga<\/strong>. Due indizi sono una coincidenza, ma <strong>tre indizi fanno una prova<\/strong>. Appare ormai imminente e credibile il <strong>passaggio<\/strong> che si appresterebbe a fare il consigliere comunale (gruppo Lega) <strong>Roberto Tomatis<\/strong>, che a breve potrebbe fare l&#8217;annuncio del suo <strong>ingresso nelle fila del partito della Meloni<\/strong>. Nonostante sia molto attivo nell&#8217;attualit\u00e0 politica e sui media, Tomatis non avrebbe infatti avuto vita agevole nella Lega, a cui peraltro non si \u00e8 mai iscritto, pur essendo stato eletto nelle sue fila alle scorse elezioni amministrative ingaune.<\/p>\n<p>Si segnalano numerosi <strong>screzi con la segretaria ingauna Cristina Porro<\/strong> che parrebbe aver mal digerito alcuni distinguo del consigliere che si \u00e8 posto pi\u00f9 volte in maniera dissonante dalle scelte leghiste ingaune, al punto di essere pi\u00f9 volte <strong>descritto come uno che parla a titolo personale<\/strong> e non a nome della Lega. Tomatis inoltre non \u00e8 mai stato <strong>invitato al Tavolo degli incontri del centro destra<\/strong> dove ora si \u00e8 aggiunto Guido Lugani, neo nominato segretario cittadino, in rappresentanza di Cambiamo, il movimento politico del governatore Giovanni Toti.<\/p>\n<p>Stretto in un ruolo sempre pi\u00f9 scomodo e nel contempo sempre pi\u00f9 impegnato in battaglie politiche, Tomatis negli ultimi tempi appare sempre pi\u00f9 aver trovato spazio e ascolto e forse una sua famiglia politica a cui approdare e dato sempre pi\u00f9 in avvicinamento al partito della Meloni. Negli ultimi tempi e sempre pi\u00f9 <strong>spesso si \u00e8 incontrato con rappresentanti sia locali che regionali di Fratelli d&#8217;Italia<\/strong> per <a href=\"https:\/\/www.ivg.it\/2021\/03\/fratelli-ditalia-e-roberto-tomatis-lega-incontrano-il-comandante-dei-carabinieri-ad-albenga-un-thriller-sociale\/\">incontri istituzionali con il Questore e il comando provinciale dei Carabinieri<\/a> per fare il punto su nuove strategie della sicurezza ad Albenga.<\/p>\n<p>Non solo, Tomatis in compagnia dell&#8217;amico fraterno, socio della Taberna del Foro, Bruno Robello de Filippis, che vanta trascorsi politici nell&#8217;ex amministrazione guidata da Rosy Guarnieri, si \u00e8 recato in regione una prima volta per <a href=\"https:\/\/www.ivg.it\/2021\/03\/albenga-roma-in-bici-e-partito-il-viaggio-di-protesta-di-marco-secco-della-taberna-del-foro\/\">accompagnare l&#8217;arrivo a Genova del socio della Taberna Marco Secco Sanguineti nella sua tappa ligure dove ha incontrato l&#8217;assessore regionale Gianni Berrino<\/a>, per poi proseguire nel suo lungo viaggio in bicicletta verso la capitale, dove ha depositato una lunga lettera di protesta nelle mani dell&#8217;On. Lollobrigida in Parlamento.<\/p>\n<p>Ed ecco che arriva l&#8217;<strong>incontro di questa mattina in regione con i vertici del partito FDI<\/strong> che a questo punto rappresenterebbe un ulteriore tassello di questa \u201cmarcia di avvicinamento\u201d, prova di una vicinanza sempre pi\u00f9 palese. Questa mattina, infatti, <strong>Tomatis e Robello de Filippis<\/strong> sono stati <strong>invitati ad una riunione in regione Liguria<\/strong> per fare un incontro e il punto sul futuro della sanit\u00e0, in particolare dell&#8217;ospedale di Santa Corona e Santa Maria di Misericordia di Albenga, riunione in cui erano presenti l&#8217;assessore <strong>Gianni Berrino<\/strong>, il Vice responsabile della sanit\u00e0 nazionale <strong>Matteo Rosso<\/strong>, il capogruppo di FDI in regione<strong> Stefano Balleari<\/strong>, il coordinatore provinciale <strong>Claudio Cavallo<\/strong> e il presidente del circolo ingauno <strong>Roberto Crosetto<\/strong>.<\/p>\n<p>Numerosi indizi che non possono sfuggire ad occhi attenti e prove disseminate ormai sempre pi\u00f9 spesso che fanno presagire questa<strong> importante novit\u00e0 nel panorama politico del centrodestra<\/strong> ingauno con una composizione che si arricchirebbe della presenza del consigliere comunale Roberto Tomatis e di Bruno Robello de Filippis.<\/p>\n","protected":false},"excerpt":{"rendered":"<p>Secondo un\u2019indiscrezione i due politici ingauni sarebbero sempre pi\u00f9 vicini al partito di Giorgia Meloni<\/p>\n","protected":false},"author":20968,"featured_media":0,"comment_status":"open","ping_status":"closed","sticky":false,"template":"","format":"standard","meta":{"footnotes":""},"categories":[45296,31],"tags":[],"class_list":["post-524404","post","type-post","status-publish","format-standard","hentry","category-copertina","category-politica","post_cat_citta-albenga","post_tag_personaggi-bruno-robello-de-filippis","post_tag_personaggi-roberto-tomatis"],"amp_validity":null,"amp_enabled":true,"_links":{"self":[{"href":"https:\/\/staging.ivg.it\/ediapi\/wp\/v2\/posts\/524404","targetHints":{"allow":["GET"]}}],"collection":[{"href":"https:\/\/staging.ivg.it\/ediapi\/wp\/v2\/posts"}],"about":[{"href":"https:\/\/staging.ivg.it\/ediapi\/wp\/v2\/types\/post"}],"author":[{"embeddable":true,"href":"https:\/\/staging.ivg.it\/ediapi\/wp\/v2\/users\/20968"}],"replies":[{"embeddable":true,"href":"https:\/\/staging.ivg.it\/ediapi\/wp\/v2\/comments?post=524404"}],"version-history":[{"count":0,"href":"https:\/\/staging.ivg.it\/ediapi\/wp\/v2\/posts\/524404\/revisions"}],"wp:attachment":[{"href":"https:\/\/staging.ivg.it\/ediapi\/wp\/v2\/media?parent=524404"}],"wp:term":[{"taxonomy":"category","embeddable":true,"href":"https:\/\/staging.ivg.it\/ediapi\/wp\/v2\/categories?post=524404"},{"taxonomy":"post_tag","embeddable":true,"href":"https:\/\/staging.ivg.it\/ediapi\/wp\/v2\/tags?post=524404"}],"curies":[{"name":"wp","href":"https:\/\/api.w.org\/{rel}","templated":true}]}}