{"id":524382,"date":"2021-04-22T14:31:00","date_gmt":"2021-04-22T12:31:00","guid":{"rendered":"https:\/\/www.ivg.it\/?p=524382"},"modified":"2021-04-22T14:42:06","modified_gmt":"2021-04-22T12:42:06","slug":"morte-di-guido-giambattista-tomatis-il-cordoglio-dellasd-san-filippo-neri","status":"publish","type":"post","link":"https:\/\/staging.ivg.it\/2021\/04\/morte-di-guido-giambattista-tomatis-il-cordoglio-dellasd-san-filippo-neri\/","title":{"rendered":"Morte di Guido Giambattista Tomatis, il cordoglio dell&#8217;Asd San Filippo Neri"},"content":{"rendered":"<p><strong>Albenga.<\/strong> A seguito della <strong>scomparsa di Guido Giambattista Tomatis,<\/strong> padre di Riccardo Tomatis, sindaco di Albenga, l&#8217;<strong>Asd San Filippo Neri Albenga 1893 esprime il proprio cordoglio.<\/strong><\/p>\n<p>&#8220;<em>Il parroco, il presidente, i dirigenti, i giocatori, i ragazzi e i genitori dell&#8217;Asd San Filippo Neri partecipano al dolore di tutta la famiglia e porgono le pi\u00f9 sentite condoglianze per la perdita del caro Guido Giambattista. Un simbolico grande abbraccio a tutti i famigliari<\/em>&#8221; \u00e8 il messaggio della societ\u00e0 sportiva.<\/p>\n<p>Tomatis \u00e8 deceduto ieri, mercoled\u00ec 21 aprile, all&#8217;et\u00e0 di 91 anni.<\/p>\n","protected":false},"excerpt":{"rendered":"<p>Il messaggio della storica societ\u00e0 sportiva albenganese<\/p>\n","protected":false},"author":18,"featured_media":0,"comment_status":"open","ping_status":"closed","sticky":false,"template":"","format":"standard","meta":{"footnotes":""},"categories":[32],"tags":[27039],"class_list":["post-524382","post","type-post","status-publish","format-standard","hentry","category-sport","tag-san-filippo-neri-albenga","post_cat_citta-albenga","post_tag_personaggi-guido-giambattista-tomatis"],"amp_validity":null,"amp_enabled":true,"_links":{"self":[{"href":"https:\/\/staging.ivg.it\/ediapi\/wp\/v2\/posts\/524382","targetHints":{"allow":["GET"]}}],"collection":[{"href":"https:\/\/staging.ivg.it\/ediapi\/wp\/v2\/posts"}],"about":[{"href":"https:\/\/staging.ivg.it\/ediapi\/wp\/v2\/types\/post"}],"author":[{"embeddable":true,"href":"https:\/\/staging.ivg.it\/ediapi\/wp\/v2\/users\/18"}],"replies":[{"embeddable":true,"href":"https:\/\/staging.ivg.it\/ediapi\/wp\/v2\/comments?post=524382"}],"version-history":[{"count":0,"href":"https:\/\/staging.ivg.it\/ediapi\/wp\/v2\/posts\/524382\/revisions"}],"wp:attachment":[{"href":"https:\/\/staging.ivg.it\/ediapi\/wp\/v2\/media?parent=524382"}],"wp:term":[{"taxonomy":"category","embeddable":true,"href":"https:\/\/staging.ivg.it\/ediapi\/wp\/v2\/categories?post=524382"},{"taxonomy":"post_tag","embeddable":true,"href":"https:\/\/staging.ivg.it\/ediapi\/wp\/v2\/tags?post=524382"}],"curies":[{"name":"wp","href":"https:\/\/api.w.org\/{rel}","templated":true}]}}