{"id":52364,"date":"2009-03-09T07:50:56","date_gmt":"2009-03-09T06:50:56","guid":{"rendered":"http:\/\/www.ivg.it\/2009\/03\/09\/in-turchia-con-il-vescovo-lupi-sulle-orme-di-san-paolo\/"},"modified":"2009-03-09T14:28:19","modified_gmt":"2009-03-09T13:28:19","slug":"in-turchia-con-il-vescovo-lupi-sulle-orme-di-san-paolo","status":"publish","type":"post","link":"https:\/\/staging.ivg.it\/2009\/03\/in-turchia-con-il-vescovo-lupi-sulle-orme-di-san-paolo\/","title":{"rendered":"In Turchia con il vescovo Lupi sulle orme di San Paolo"},"content":{"rendered":"<p><strong>[thumb:10368:l]Savona<\/strong>. Un viaggio in Turchia sulle orme di San Paolo, insieme al vescovo monsignor Vittorio Lupi. E&#8217; il pellegrinaggio che si svolger\u00e0 dall&#8217;1 al 9 giugno a cura della diocesi di Savona-Noli. Spiegano gli organizzatori: &#8220;Ogni giorno verr\u00e0 celebrata la Messa, secondo i tempi e le possibilit\u00e0, preferibilmente nei siti di importanza religiosa oppure in albergo. L&#8217;insieme del viaggio \u00e8 pensato come un pellegrinaggio cristiano e un&#8217;occasione importante per riscoprire il valore della testimonianza apostolica di San Paolo, anche per la nostra Chiesa di oggi&#8221;.<\/p>\n<p>Il programma del pellegrinaggio \u00e8 cos\u00ec strutturato. Il primo giorno, dopo il volo da Milano, \u00e8 previsto un tour panoramico di Antalya, dove San Paolo sbarc\u00f2 durante il suo primo viaggio missionario, provenendo da Cipro. Il giorno successivo, marted\u00ec 2 giugno, \u00e8 prevista la visita ancora di Antalya e delle localit\u00e0 di Termessos, Perge e Aspendos. L&#8217;intera giornata sar\u00e0 dedicata all&#8217;escursione nei siti archeologici pi\u00f9 importanti dell&#8217;antica Pamphilia. Anzitutto Termessos, poi Perge, importante citt\u00e0 attraversata da Paolo e Barnaba durante il primo viaggio. Infine, si visiter\u00e0 il sito archeologico di Aspendos dominato dall&#8217;antico e suggestivo teatro.<\/p>\n<p>Mercoled\u00ec 3 giugno sar\u00e0 la volta di Antiochia di Pisidia e Gerapoli. Passando per Egirdir, sull&#8217;omonimo lago, si giunger\u00e0 ad Antiochia di Pisidia (oggi Yalvac), importante tappa della predicazione apostolica. Gli scavi recenti hanno portato alla luce interessanti resti: visita e preghiera. Nel pomeriggio arrivo all&#8217;antica citt\u00e0 di Gerapoli, oggi detta Pamukkale, cio\u00e8 &#8220;castello di cotone&#8221; che si trova nella regione di Frigia, lungo la valle del fiume Meandro. Sistemazione nelle camere riservate con possibilit\u00e0 di usufruire delle piscine termali dell&#8217;Hotel. Cena e pernottamento.<\/p>\n<p>Gioved\u00ec 4 giugno il programma prevede la visita di Laodicea, Afrodisias e Efeso. Si visiteranno le cascate pietrificate, la tipica attrazione di Pamukkale, e poi il sito archeologico dell&#8217;antica Gerapoli, citt\u00e0 ellenistico-romana della Frigia, fra cui il Martyrion dell&#8217;apostolo Filippo, che occupa la collina sopra la citt\u00e0. Poi breve sosta a Laodicea, situata nella valle del fiume Lico, conosciuta da Paolo e destinataria di una delle sette chiese dell&#8217;Apocalisse, e partenza per Afrodisias.<\/p>\n<p>Venerd\u00ec 5 giugno sar\u00e0 dedicato a Efeso dove Paolo soggiorn\u00f2 per tre anni  e scrisse diverse sue lettere, lasciandovi poi Timoteo come vescovo. L\u00e0 soggiorn\u00f2 anche san Giovanni, che compose il suo Vangelo, le tre lettere e l&#8217;Apocalisse. Il giorno successivo, sabato 6 giugno, si visiteranno Priene, Mileto, Didime e Marmaris. A Mileto, in particolare, Paolo tenne un discorso ai presbiteri di Efeso. Domenica 7 giugno si giunger\u00e0 a Kaunos, Xanthos e Kas, mentre il giorno successivo, luned\u00ec 8 giugno, sar\u00e0 la volta di Mira e Phaselis, per poi ritornare ad Antalya. A Demre, anticamente chiamata Mira, agli inizi del IV secolo fu vescovo san Nicol\u00f2. Marted\u00ec 9 giugno \u00e8 previsto il rientro a Savona.<\/p>\n<p>La guida culturale e religiosa del viaggio sar\u00e0 garantita dal biblista don Claudio Doglio e da Lucia Coletta per il primo pullman. Per altri eventuali pullman verranno scelti altri sacerdoti e guide turistiche. L&#8217;adesione risulter\u00e0 perfezionata solo al momento del versamento dell&#8217;acconto pari a euro 550, sulla cifra totale di 1500 euro (quota individuale in doppia). Le iscrizioni, da effettuare presso l&#8217;agenzia Touring Club di Priamar Viaggi in via Verzellino, avverranno fino ad esaurimento dei posti disponibili.<\/p>\n","protected":false},"excerpt":{"rendered":"<p>[thumb:10368:l]Savona. Un viaggio in Turchia sulle orme di San Paolo, insieme al vescovo monsignor Vittorio Lupi. E&#8217; il pellegrinaggio che si svolger\u00e0 dall&#8217;1 al 9 giugno a cura della diocesi di Savona-Noli. Spiegano gli organizzatori: &#8220;Ogni giorno verr\u00e0 celebrata la Messa, secondo i tempi e le possibilit\u00e0, preferibilmente nei siti di importanza religiosa oppure in [&hellip;]<\/p>\n","protected":false},"author":13744,"featured_media":0,"comment_status":"open","ping_status":"closed","sticky":false,"template":"","format":"standard","meta":{"footnotes":""},"categories":[],"tags":[1554,1252,311,6115,539,5153,180],"class_list":["post-52364","post","type-post","status-publish","format-standard","hentry","tag-chiesa","tag-pellegrinaggio","tag-san-paolo","tag-turchia","tag-vescovo","tag-viaggio","tag-vittorio-lupi","post_cat_citta-andora","post_cat_citta-savona"],"amp_validity":null,"amp_enabled":true,"_links":{"self":[{"href":"https:\/\/staging.ivg.it\/ediapi\/wp\/v2\/posts\/52364","targetHints":{"allow":["GET"]}}],"collection":[{"href":"https:\/\/staging.ivg.it\/ediapi\/wp\/v2\/posts"}],"about":[{"href":"https:\/\/staging.ivg.it\/ediapi\/wp\/v2\/types\/post"}],"author":[{"embeddable":true,"href":"https:\/\/staging.ivg.it\/ediapi\/wp\/v2\/users\/13744"}],"replies":[{"embeddable":true,"href":"https:\/\/staging.ivg.it\/ediapi\/wp\/v2\/comments?post=52364"}],"version-history":[{"count":0,"href":"https:\/\/staging.ivg.it\/ediapi\/wp\/v2\/posts\/52364\/revisions"}],"wp:attachment":[{"href":"https:\/\/staging.ivg.it\/ediapi\/wp\/v2\/media?parent=52364"}],"wp:term":[{"taxonomy":"category","embeddable":true,"href":"https:\/\/staging.ivg.it\/ediapi\/wp\/v2\/categories?post=52364"},{"taxonomy":"post_tag","embeddable":true,"href":"https:\/\/staging.ivg.it\/ediapi\/wp\/v2\/tags?post=52364"}],"curies":[{"name":"wp","href":"https:\/\/api.w.org\/{rel}","templated":true}]}}