{"id":522865,"date":"2021-04-10T14:44:00","date_gmt":"2021-04-10T12:44:00","guid":{"rendered":"https:\/\/www.ivg.it\/?p=522865"},"modified":"2021-04-10T16:21:03","modified_gmt":"2021-04-10T14:21:03","slug":"vaccini-covid-stop-agli-under-60-priorita-ad-over-80-e-categorie-fragili","status":"publish","type":"post","link":"https:\/\/staging.ivg.it\/2021\/04\/vaccini-covid-stop-agli-under-60-priorita-ad-over-80-e-categorie-fragili\/","title":{"rendered":"Vaccini Covid, stop agli under 60: priorit\u00e0 ad over 80 e categorie fragili"},"content":{"rendered":"<p><strong>Liguria.<\/strong> Proseguire a pieno ritmo per completarla il prima possibile la vaccinazione degli ultravulnerabili, delle persone con disabilit\u00e0 e degli over 80 con i vaccini Pfizer e Moderna (a mRNA) e dei caregiver (o familiari o conviventi) secondo quanto previsto dal Piano nazionale del ministero della Salute del 12 marzo, impiegando i preparati raccomandati per le rispettive fasce di et\u00e0 e, parallelamente, proseguire la vaccinazione delle persone di et\u00e0 tra 70 e 79 anni. Sono alcuni punti del documento con cui Alisa, l\u2019Azienda ligure sanitaria, recepisce l\u2019ordinanza del Commissario per l\u2019emergenza Covid, generale Figliuolo, fornendo indicazioni alle Asl sull\u2019avanzamento della campagna vaccinale.<\/p>\n<p>Nelle linee guida si evidenzia la necessit\u00e0 di \u201ccompletare la vaccinazione del personale sanitario\u201d e si precisa \u201cl\u2019utilizzo preferibile del vaccino Vaxsevria (Astrazeneca) nelle persone con pi\u00f9 di 60 anni, completando il ciclo vaccinale di chi avesse gi\u00e0 ricevuto la prima dose\u201d.<\/p>\n<p>\u201cRispetto alle linee guida del generale Figliuolo la Liguria \u00e8 gi\u00e0 ad un ottimo punto \u2013 osserva il presidente della Regione e assessore alla Sanit\u00e0 Giovanni Toti \u2013 perch\u00e9 abbiamo iniziato fin da subito, appena conclusa la vaccinazione del personale sanitario e delle Rsa, a vaccinare i nostri cittadini pi\u00f9 anziani che, a differenza di altre regioni, in Liguria sono circa il 10% della popolazione. Ne abbiamo gi\u00e0 vaccinati quasi il 58% e il 40% ha gi\u00e0 completato il ciclo vaccinale. Entro maggio completeremo tutte le vaccinazioni degli over80 ed entro giugno anche quelle delle persone \u2018ultravulnerabili\u2019, disabili gravi e dei 70enni. Questo \u00e8 l\u2019obiettivo che riteniamo raggiungibile perch\u00e9 la nostra campagna vaccinale \u00e8 sostanzialmente a regime: siamo arrivati a sfiorare le 14mila somministrazioni in 24 ore, superando addirittura il target di 13mila dosi giornaliere individuato per la Liguria dal Commissario per l\u2019emergenza. Bisogna andare avanti cos\u00ec \u2013 conclude &#8211; per mettere in sicurezza rapidamente la parte pi\u00f9 fragile della nostra popolazione in modo da ripartire il prima possibile\u201d.<\/p>\n<p>Dopo la vaccinazione dei 70enni, per cui \u00e8 indicato il vaccino Astrazeneca con la possibilit\u00e0 di procedere alla somministrazione, in parallelo, dei vaccini a mRNA (Pfizer e Moderna), sar\u00e0 la volta delle persone con et\u00e0 \u201ctra 60 e 69 anni, utilizzando prevalentemente il vaccino Astrazeneca\u201d.<\/p>\n<p>Per quanto riguarda le \u2018categorie prioritarie\u2019 indicate dal governo (personale scolastico, forze dell\u2019ordine, vigili del fuoco, protezione civile, polizia locale, uffici giudiziari) nel documento di Alisa si legge che le persone \u201cgi\u00e0 in agenda, se 60enni o over60, procederanno alla vaccinazione con Astrazeneca\u201d.<\/p>\n<p>Se invece gli appartenenti a queste categorie hanno meno di 60 anni, \u201cnon essendo previsto l\u2019uso preferenziale di Astrazeneca per questa classe di et\u00e0 \u2013 si legge nel documento di Alisa &#8211; si proceder\u00e0 alla somministrazione dei vaccini a mRna o di altri vaccini raccomandati, ma \u2013 sottolinea &#8211; secondo la priorit\u00e0 prevista per la classe di et\u00e0 di appartenenza\u201d. Fino ad allora, anche le eventuali prenotazioni gi\u00e0 effettuate saranno quindi congelate. Quando la campagna vaccinale arriver\u00e0 alla loro fascia di et\u00e0, i soggetti di queste categorie avranno priorit\u00e0 nella vaccinazione con la chiamata attiva da parte della loro Asl o del Cup.<\/p>\n","protected":false},"excerpt":{"rendered":"<p>La Regione Liguria accoglie l&#8217;ordinanza del commissario Figliuolo sul piano vaccinale<\/p>\n","protected":false},"author":4,"featured_media":0,"comment_status":"open","ping_status":"closed","sticky":false,"template":"","format":"standard","meta":{"footnotes":""},"categories":[45296,34],"tags":[117667,117581,117505,116179],"class_list":["post-522865","post","type-post","status-publish","format-standard","hentry","category-copertina","category-cronaca","tag-piano-vaccinale","tag-vaccinazione-covid","tag-vaccini-covid","tag-vaccino-covid","post_tag_personaggi-giovanni-toti"],"amp_validity":null,"amp_enabled":true,"_links":{"self":[{"href":"https:\/\/staging.ivg.it\/ediapi\/wp\/v2\/posts\/522865","targetHints":{"allow":["GET"]}}],"collection":[{"href":"https:\/\/staging.ivg.it\/ediapi\/wp\/v2\/posts"}],"about":[{"href":"https:\/\/staging.ivg.it\/ediapi\/wp\/v2\/types\/post"}],"author":[{"embeddable":true,"href":"https:\/\/staging.ivg.it\/ediapi\/wp\/v2\/users\/4"}],"replies":[{"embeddable":true,"href":"https:\/\/staging.ivg.it\/ediapi\/wp\/v2\/comments?post=522865"}],"version-history":[{"count":0,"href":"https:\/\/staging.ivg.it\/ediapi\/wp\/v2\/posts\/522865\/revisions"}],"wp:attachment":[{"href":"https:\/\/staging.ivg.it\/ediapi\/wp\/v2\/media?parent=522865"}],"wp:term":[{"taxonomy":"category","embeddable":true,"href":"https:\/\/staging.ivg.it\/ediapi\/wp\/v2\/categories?post=522865"},{"taxonomy":"post_tag","embeddable":true,"href":"https:\/\/staging.ivg.it\/ediapi\/wp\/v2\/tags?post=522865"}],"curies":[{"name":"wp","href":"https:\/\/api.w.org\/{rel}","templated":true}]}}