{"id":522760,"date":"2021-04-09T13:22:11","date_gmt":"2021-04-09T11:22:11","guid":{"rendered":"https:\/\/www.ivg.it\/?p=522760"},"modified":"2021-04-09T13:52:23","modified_gmt":"2021-04-09T11:52:23","slug":"vaccino-covid-al-santa-corona-tre-giornate-per-pazienti-oncologici-disabili-e-loro-caregiver","status":"publish","type":"post","link":"https:\/\/staging.ivg.it\/2021\/04\/vaccino-covid-al-santa-corona-tre-giornate-per-pazienti-oncologici-disabili-e-loro-caregiver\/","title":{"rendered":"Vaccino Covid: al Santa Corona tre giornate per pazienti oncologici, disabili e loro caregiver"},"content":{"rendered":"<p><strong>Pietra Ligure<\/strong>. Si intensifica la campagna vaccinale di Asl 2 anche con la programmazione di giornate straordinarie presso le sedi ospedaliere.<\/p>\n<p>La settimana scorsa presso la Nefrologia e Dialisi di Savona e Albenga, una squadra di lavoro impeccabile ha completato in sole 48 ore la prima somministrazione del vaccino anti-Covid 19 (Moderna) ai pazienti ambulatoriali ultravulnerabili (persone dializzate e trapiantati di rene), senza nessuna interruzione delle attivit\u00e0 \u201cordinarie\u201d previste. <\/p>\n<p>\u201cSolo tanta emozione e gratitudine da parte dei pazienti\u201d \u00e8 il ricordo dello staff.<\/p>\n<p>La settimana prossima &#8211; precisamente il 12, 13 e 14 aprile &#8211; presso l\u2019ospedale Santa Corona verranno vaccinati pazienti oncologici in terapia presso l\u2019Oncologia Ponente, pazienti emato-oncologici seguiti dalla Medicina Interna del Ponente, persone con disabilit\u00e0 grave legata a mielolesione ricoverati presso l\u2019Unit\u00e0 Spinale Unipolare di Pietra. Vaccinati anche i loro familiari e caregiver.<\/p>\n<p>Verranno somministrate oltre 160 dosi di vaccini freeze: Pfizer o Moderna. Le seconde dosi sono in programma a inizio maggio.<\/p>\n<p>\u201cLa priorit\u00e0 \u00e8 proteggere i pi\u00f9 fragili anche attraverso la vaccinazione dei familiari conviventi e delle persone che si prendono cura di loro ogni giorno\u201d affermano dalla direzione di Asl 2.<\/p>\n","protected":false},"excerpt":{"rendered":"<p>Giornate straordinarie presso le sedi ospedaliere<\/p>\n","protected":false},"author":4,"featured_media":0,"comment_status":"open","ping_status":"closed","sticky":false,"template":"","format":"standard","meta":{"footnotes":""},"categories":[45296,56],"tags":[292,2953,117581,116179],"class_list":["post-522760","post","type-post","status-publish","format-standard","hentry","category-copertina","category-altre","tag-asl-2","tag-ospedale-santa-corona","tag-vaccinazione-covid","tag-vaccino-covid","post_cat_citta-pietra-ligure"],"amp_validity":null,"amp_enabled":true,"_links":{"self":[{"href":"https:\/\/staging.ivg.it\/ediapi\/wp\/v2\/posts\/522760","targetHints":{"allow":["GET"]}}],"collection":[{"href":"https:\/\/staging.ivg.it\/ediapi\/wp\/v2\/posts"}],"about":[{"href":"https:\/\/staging.ivg.it\/ediapi\/wp\/v2\/types\/post"}],"author":[{"embeddable":true,"href":"https:\/\/staging.ivg.it\/ediapi\/wp\/v2\/users\/4"}],"replies":[{"embeddable":true,"href":"https:\/\/staging.ivg.it\/ediapi\/wp\/v2\/comments?post=522760"}],"version-history":[{"count":0,"href":"https:\/\/staging.ivg.it\/ediapi\/wp\/v2\/posts\/522760\/revisions"}],"wp:attachment":[{"href":"https:\/\/staging.ivg.it\/ediapi\/wp\/v2\/media?parent=522760"}],"wp:term":[{"taxonomy":"category","embeddable":true,"href":"https:\/\/staging.ivg.it\/ediapi\/wp\/v2\/categories?post=522760"},{"taxonomy":"post_tag","embeddable":true,"href":"https:\/\/staging.ivg.it\/ediapi\/wp\/v2\/tags?post=522760"}],"curies":[{"name":"wp","href":"https:\/\/api.w.org\/{rel}","templated":true}]}}