{"id":522672,"date":"2021-04-08T17:06:56","date_gmt":"2021-04-08T15:06:56","guid":{"rendered":"https:\/\/www.ivg.it\/?p=522672"},"modified":"2021-04-08T17:35:01","modified_gmt":"2021-04-08T15:35:01","slug":"aero-club-al-lavoro-per-lo-show-delle-frecce-tricolori-ma-rischio-cancellazione-e-reale","status":"publish","type":"post","link":"https:\/\/staging.ivg.it\/2021\/04\/aero-club-al-lavoro-per-lo-show-delle-frecce-tricolori-ma-rischio-cancellazione-e-reale\/","title":{"rendered":"Aero Club al lavoro per lo show delle Frecce Tricolori, ma rischio cancellazione \u00e8 reale"},"content":{"rendered":"<p><strong>Villanova d&#8217;Albenga.<\/strong> Poche parole, molto dirette per sgombrare il campo da ogni dubbio: &#8220;Vorrei rassicurare tutti &#8211; presenti e collegati in video conferenza &#8211; non solo sulla volont\u00e0 di portare avanti il progetto, ma di farlo con la competenza maturata in altri eventi analoghi gi\u00e0 organizzati in prima persona cui si aggiunge il supporto del Generale Patrono, sicuramente la persona con comprovata e riconosciuta esperienza nell&#8217;organizzazione di Air Show&#8221;.<\/p>\n<p>Alessandro Betti apre cos\u00ec la prima riunione ufficiale nella sua nuova veste di presidente dell&#8217;Aero Club di Savona e della Riviera Ligure. Giovent\u00f9, dinamismo ed esperienza vogliono essere le basi su cui costruire il rilancio dell&#8217;Aero Club.<\/p>\n<p>Al suo fianco il Generale Patrono e il nuovo vice presidente Orlando Ravaglia.<\/p>\n<p>L&#8217;incontro svoltosi nel pomeriggio di ieri in video conferenza \u00e8 invece allargato ai Comuni di Alassio, Laigueglia e Imperia: oggetto l&#8217;esibizione della Pattuglia Acrobatica Nazionale prevista &#8211; da calendario dell&#8217;Aeronautica Militare &#8211; per il 2 e 3 ottobre prossimi, compatibilmente con l&#8217;emergenza sanitaria.<\/p>\n<p>&#8220;Il rischio che si ripeta quanto accaduto lo scorso anno, con la cancellazione della data \u00e8 sicuramente reale &#8211; confermano coesi i tre comuni del ponente ligure &#8211; ma tentare non costa nulla, anzi, l&#8217;iniziativa potrebbe trasformarsi &#8211; ed \u00e8 proprio questo l&#8217;auspicio &#8211; in una vera occasione per il rilancio del nostro territorio&#8221;. <\/p>\n<p>&#8220;L&#8217;idea &#8211; spiegano &#8211; \u00e8 quella di creare un programma che coinvolgendo una vasta area del territorio per pi\u00f9 giorni possa trasformarsi in volano turistico e in una boccata di ossigeno per i nostri operatori. Non vogliamo lasciare nulla al caso e compiere ogni passo in totale sicurezza sia sul piano organizzativo, sia sul piano sanitario. Se non ci saranno le condizioni, come \u00e8 gi\u00e0 stato lo scorso anno, ci fermeremo; se come auspichiamo ad ottobre saremo usciti dall&#8217;emergenza sanitaria, avremo l&#8217;occasione per organizzare un evento davvero unico e simbolico: cosa pi\u00f9 della scia tricolore lasciata dagli Aermacchi MB339A delle PAN, pu\u00f2 evocare sensazioni di libert\u00e0 e rinascita?&#8221;.<\/p>\n<p>Insomma la macchina organizzativa \u00e8 ripartita e la riunione di ieri ha raccolto il testimone di quanto gi\u00e0 messo sul tavolo lo scorso anno: massima collaborazione e condivisione da parte dei comuni coinvolti, coordinamento da parte dell&#8217;Aero Club e immancabile supporto del Riviera Airport.<\/p>\n<p>Nei prossimi giorni si prover\u00e0 a definire il programma complessivo dell&#8217;evento, occhi puntati sui piani di sicurezza e sulla sostenibilit\u00e0 dell&#8217;impresa.\u200b<\/p>\n","protected":false},"excerpt":{"rendered":"<p>L&#8217;esibizione della Pattuglia Acrobatica Nazionale \u00e8 in programma per il 2 e 3 ottobre prossimi<\/p>\n","protected":false},"author":4,"featured_media":0,"comment_status":"open","ping_status":"closed","sticky":false,"template":"","format":"standard","meta":{"footnotes":""},"categories":[45296,56],"tags":[4430,290],"class_list":["post-522672","post","type-post","status-publish","format-standard","hentry","category-copertina","category-altre","tag-aero-club-savona","tag-frecce-tricolori","post_cat_citta-alassio","post_cat_citta-laigueglia","post_cat_citta-villanova-dalbenga","post_tag_personaggi-alessandro-betti"],"amp_validity":null,"amp_enabled":true,"_links":{"self":[{"href":"https:\/\/staging.ivg.it\/ediapi\/wp\/v2\/posts\/522672","targetHints":{"allow":["GET"]}}],"collection":[{"href":"https:\/\/staging.ivg.it\/ediapi\/wp\/v2\/posts"}],"about":[{"href":"https:\/\/staging.ivg.it\/ediapi\/wp\/v2\/types\/post"}],"author":[{"embeddable":true,"href":"https:\/\/staging.ivg.it\/ediapi\/wp\/v2\/users\/4"}],"replies":[{"embeddable":true,"href":"https:\/\/staging.ivg.it\/ediapi\/wp\/v2\/comments?post=522672"}],"version-history":[{"count":0,"href":"https:\/\/staging.ivg.it\/ediapi\/wp\/v2\/posts\/522672\/revisions"}],"wp:attachment":[{"href":"https:\/\/staging.ivg.it\/ediapi\/wp\/v2\/media?parent=522672"}],"wp:term":[{"taxonomy":"category","embeddable":true,"href":"https:\/\/staging.ivg.it\/ediapi\/wp\/v2\/categories?post=522672"},{"taxonomy":"post_tag","embeddable":true,"href":"https:\/\/staging.ivg.it\/ediapi\/wp\/v2\/tags?post=522672"}],"curies":[{"name":"wp","href":"https:\/\/api.w.org\/{rel}","templated":true}]}}