{"id":522650,"date":"2021-04-08T16:22:32","date_gmt":"2021-04-08T14:22:32","guid":{"rendered":"https:\/\/www.ivg.it\/?p=522650"},"modified":"2021-04-08T16:22:32","modified_gmt":"2021-04-08T14:22:32","slug":"covid-arboscello-pd-oltre-100mila-vaccini-fermi-nei-magazzini-over-80-e-ultrafragili-intanto-aspettano","status":"publish","type":"post","link":"https:\/\/staging.ivg.it\/2021\/04\/covid-arboscello-pd-oltre-100mila-vaccini-fermi-nei-magazzini-over-80-e-ultrafragili-intanto-aspettano\/","title":{"rendered":"Covid, Arboscello (PD): &#8220;Oltre 100mila vaccini fermi nei magazzini. Over 80 e ultrafragili intanto aspettano&#8221;"},"content":{"rendered":"<p><strong>Liguria<\/strong>. &#8220;Ci sono pi\u00f9 di 70 mila ultraottantenni nella nostra regione che aspettano ancora la prima dose di vaccino e migliaia di soggetti fragili e ultrafragili che stanno attendendo da settimane una chiamata&#8221;.<\/p>\n<p>A dirlo \u00e8 il consigliere regionale del PD Roberto Arboscello che aggiunge: &#8220;Anche la vaccinazione dei soggetti disabili \u00e8 in netto ritardo, con la possibilit\u00e0 di prenotarsi sul portale prenotovaccino.regione.liguria.it attiva solo da ieri sera. Una situazione insostenibile, resa gravissima dal fatto che nei magazzini liguri sono stipati, non ancora utilizzati, oltre 141 mila vaccini, di cui 93.164 Pfizer e Moderna, che dovrebbero proprio essere destinati ai soggetti pi\u00f9 fragili&#8221;.<\/p>\n<p>&#8220;Mentre si avvia la vaccinazione del personale universitario e di altre diverse categorie, molti cittadini a rischio e anagraficamente esposti stanno ancora aspettano una protezione &#8211; continua Arboscello -. Ci auguriamo che il presidente Toti riprogrammi la campagna per dare la prima dose di vaccino agli over 80 entro la fine di aprile&#8221;.<\/p>\n<p>&#8220;In questi giorni sto ricevendo tantissime segnalazioni, con alcuni messaggi di sconforto, rabbia e preoccupazione che mi hanno toccato &#8211; sottolinea il consigliere savonese -. In Val Bormida, una signora di 99 anni ancora non \u00e8 stata contattata per la vaccinazione domiciliare, nonostante l\u2019interessamento del medico di medicina generale. Di fronte a questa situazione drammatica, non \u00e8 possibile stare fermi. Ho deciso quindi di mettere a disposizione dei cittadini che hanno congiunti over 80, ancora non convocati, <a href=\"https:\/\/forms.gle\/eHBe655jfFcL3ZV2A\">questo form di segnalazione<\/a>&#8220;.<\/p>\n<p>&#8220;Vuole essere un supporto alla cittadinanza e un segnale all\u2019assessore alla sanit\u00e0 Giovanni Toti e al commissario straordinario di Alisa Francesco Quaglia: cambiamo passo al Piano vaccinale ligure, i nostri anziani non possono pi\u00f9 aspettare&#8221; conclude Arboscello.<\/p>\n","protected":false},"excerpt":{"rendered":"<p>Messo a disposizione del consigliere regionale un form di segnalazioni<\/p>\n","protected":false},"author":18838,"featured_media":0,"comment_status":"open","ping_status":"closed","sticky":false,"template":"","format":"standard","meta":{"footnotes":""},"categories":[31],"tags":[596,117505],"class_list":["post-522650","post","type-post","status-publish","format-standard","hentry","category-politica","tag-partito-democratico","tag-vaccini-covid","post_tag_personaggi-roberto-arboscello-2"],"amp_validity":null,"amp_enabled":true,"_links":{"self":[{"href":"https:\/\/staging.ivg.it\/ediapi\/wp\/v2\/posts\/522650","targetHints":{"allow":["GET"]}}],"collection":[{"href":"https:\/\/staging.ivg.it\/ediapi\/wp\/v2\/posts"}],"about":[{"href":"https:\/\/staging.ivg.it\/ediapi\/wp\/v2\/types\/post"}],"author":[{"embeddable":true,"href":"https:\/\/staging.ivg.it\/ediapi\/wp\/v2\/users\/18838"}],"replies":[{"embeddable":true,"href":"https:\/\/staging.ivg.it\/ediapi\/wp\/v2\/comments?post=522650"}],"version-history":[{"count":0,"href":"https:\/\/staging.ivg.it\/ediapi\/wp\/v2\/posts\/522650\/revisions"}],"wp:attachment":[{"href":"https:\/\/staging.ivg.it\/ediapi\/wp\/v2\/media?parent=522650"}],"wp:term":[{"taxonomy":"category","embeddable":true,"href":"https:\/\/staging.ivg.it\/ediapi\/wp\/v2\/categories?post=522650"},{"taxonomy":"post_tag","embeddable":true,"href":"https:\/\/staging.ivg.it\/ediapi\/wp\/v2\/tags?post=522650"}],"curies":[{"name":"wp","href":"https:\/\/api.w.org\/{rel}","templated":true}]}}