{"id":522608,"date":"2021-04-08T14:22:49","date_gmt":"2021-04-08T12:22:49","guid":{"rendered":"https:\/\/demo.ivg.it\/?p=522608"},"modified":"2021-04-08T15:00:56","modified_gmt":"2021-04-08T13:00:56","slug":"turismo-il-ministro-garavaglia-fissa-il-traguardo-il-2-giugno-possibile-data-per-le-riaperture","status":"publish","type":"post","link":"https:\/\/staging.ivg.it\/2021\/04\/turismo-il-ministro-garavaglia-fissa-il-traguardo-il-2-giugno-possibile-data-per-le-riaperture\/","title":{"rendered":"Turismo, il ministro Garavaglia fissa il traguardo: &#8220;Il 2 giugno possibile data per le riaperture&#8221;"},"content":{"rendered":"<p><strong>Italia.<\/strong> Il 2 giugno, Festa della Repubblica Italiana. Potrebbe essere questa la data tanto attesa dal mondo del turismo, che in Italia, e in particolare in Liguria, riveste un ruolo preponderante in termini di introiti, per le riaperture.<\/p>\n<p>Ad annunciarlo, intervenendo alla trasmissione Omnibus, come riportato da Ansa, \u00e8 stato proprio il ministro del Turismo, Massimo Garavaglia.<\/p>\n<p>&#8220;Dare solo segnali negativi \u00e8 sbagliato perch\u00e9 l&#8217;economia vive anche di aspettative. Monitoriamo settimana per settimana ed \u00e8 ora di programmare le riaperture&#8221;, ha affermato.<\/p>\n<p>&#8220;In Francia si parla del 14 luglio, negli Usa del 4 luglio, <b>il 2 giugno \u00e8 la nostra festa nazionale e potrebbe essere una data delle riaperture per noi<\/b>. L&#8217;anno scorso non sapevano a cosa andavamo incontro. Questa volta, invece, abbiamo l&#8217;esperienza passata e un piano vaccinale che sta procedendo. Stiamo lavorando settore per settore per dare date specifiche&#8221;, ha aggiunto.<\/p>\n<p>Inoltre, il ministro ha anche parlato del cosiddetto &#8220;Green Pass&#8221;, il passaporto vaccinale: si tratta di una soluzione pensata dall&#8217;Unione Europea per permettere ai cittadini degli Stati membri di viaggiare e spostarsi all&#8217;interno della stessa Unione.<\/p>\n<p>&#8220;<b>Stiamo lavorando al Green Pass, che prevede tre condizioni, il vaccino, avere avuto il covid e il tampone negativo.<\/b> Non \u00e8 discriminatorio e da noi esiste gi\u00e0 in Sardegna. Il punto \u00e8 creare meccanismi per cui sia semplice circolare&#8221;, ha concluso Garavaglia.<\/p>\n","protected":false},"excerpt":{"rendered":"<p>&#8220;\u00c8 ora di programmare. Dare solo segnali negativi \u00e8 sbagliato perch\u00e9 l&#8217;economia vive anche di aspettative&#8221;<\/p>\n","protected":false},"author":17962,"featured_media":0,"comment_status":"open","ping_status":"closed","sticky":false,"template":"","format":"standard","meta":{"footnotes":""},"categories":[31],"tags":[],"class_list":["post-522608","post","type-post","status-publish","format-standard","hentry","category-politica","post_tag_personaggi-massimo-garavaglia"],"amp_validity":null,"amp_enabled":true,"_links":{"self":[{"href":"https:\/\/staging.ivg.it\/ediapi\/wp\/v2\/posts\/522608","targetHints":{"allow":["GET"]}}],"collection":[{"href":"https:\/\/staging.ivg.it\/ediapi\/wp\/v2\/posts"}],"about":[{"href":"https:\/\/staging.ivg.it\/ediapi\/wp\/v2\/types\/post"}],"author":[{"embeddable":true,"href":"https:\/\/staging.ivg.it\/ediapi\/wp\/v2\/users\/17962"}],"replies":[{"embeddable":true,"href":"https:\/\/staging.ivg.it\/ediapi\/wp\/v2\/comments?post=522608"}],"version-history":[{"count":0,"href":"https:\/\/staging.ivg.it\/ediapi\/wp\/v2\/posts\/522608\/revisions"}],"wp:attachment":[{"href":"https:\/\/staging.ivg.it\/ediapi\/wp\/v2\/media?parent=522608"}],"wp:term":[{"taxonomy":"category","embeddable":true,"href":"https:\/\/staging.ivg.it\/ediapi\/wp\/v2\/categories?post=522608"},{"taxonomy":"post_tag","embeddable":true,"href":"https:\/\/staging.ivg.it\/ediapi\/wp\/v2\/tags?post=522608"}],"curies":[{"name":"wp","href":"https:\/\/api.w.org\/{rel}","templated":true}]}}