{"id":522419,"date":"2021-04-06T13:12:58","date_gmt":"2021-04-06T11:12:58","guid":{"rendered":"http:\/\/www.ivg.it\/?p=522419"},"modified":"2021-04-06T14:08:22","modified_gmt":"2021-04-06T12:08:22","slug":"commercio-approvata-in-regione-mozione-della-lega-molti-rischiano-di-non-sopravvivere","status":"publish","type":"post","link":"https:\/\/staging.ivg.it\/2021\/04\/commercio-approvata-in-regione-mozione-della-lega-molti-rischiano-di-non-sopravvivere\/","title":{"rendered":"Commercio, approvata in Regione mozione della Lega: &#8220;Molti rischiano di non sopravvivere&#8221;"},"content":{"rendered":"<p><strong>Regione<\/strong>. &#8220;Chiusure forzate delle attivit\u00e0 e restrizioni imposte dal Governo a seguito dell&#8217;emergenza coronavirus. Stamane l&#8217;Assemblea legislativa della Liguria ha approvato all&#8217;unanimit\u00e0 la mozione della Lega per tutelare il commercio locale, con molte attivit\u00e0 che rischiano di non sopravvivere, anche rispetto alle grandi multinazionali del web&#8221;.\u00a0Lo ha dichiarato il capogruppo regionale della Lega Stefano Mai.<\/p>\n<p>&#8220;Questo atto impegna la giunta regionale ad attuare una capillare campagna di sensibilizzazione all&#8217;acquisto dei nostri prodotti locali, supportare iniziative delle piccole e medie imprese liguri finalizzate alla vendita diretta online, sensibilizzare le amministrazioni comunali a collaborare per la realizzazione di reti comprensoriali tra i negozi di vicinato, sostenere gli esercenti nell&#8217;innovazione digitale&#8221;.<\/p>\n<p>E ancora a &#8220;chiedere al Governo e alla UE forme di sostegno adeguate per evitare la chiusura delle attivit\u00e0 commerciali locali, chiedere al Governo di monitorare gli effetti della nuova &#8216;Digital tax&#8217; per i colossi del web al fine di introdurre eventuali modifiche qualora si rivelasse necessario e di vigilare sulle pratiche dannose che si nascondono dietro gli istituti del cosiddetto &#8216;tax ruling&#8217; di alcuni Stati europei che causano anche la sottrazione di base imponibile all&#8217;Italia per oltre 20 miliardi di euro all&#8217;anno&#8221;.<\/p>\n<p>Ferruccio Sansa (Lista Ferruccio Sansa Presidente) ha annunciato voto favorevole alla mozione sottolineando la disponibilit\u00e0 del suo gruppo di sostenere documenti ritenuti giusti, al di l\u00e0 delle logiche di schieramento. Paolo Ugolini (Mov5Stelle) ha espresso parere favorevole al documento condannando le facilitazioni fiscali concesse alle societ\u00e0 multinazionali da alcuni governi e ha sostenuto la necessit\u00e0 di una tassazione globale e omogenea. Luca Garibaldi (Pd-Articolo Uno) si \u00e8 dichiarato a favore della mozione richiamando, per\u00f2, la giunta e il gruppo della Lega, in particolare, ad una maggiore coerenza rispetto alla tutela del piccolo commercio. Gianni Pastorino (Linea Condivisa) ha ribadito il voto favorevole al documento rilevando, per\u00f2, che la giunta, in precedenza, ha sostenuto misure anche a sostegno della grande distribuzione e ha invitato l\u2019amministrazione ad una maggiore coerenza sul tema.<\/p>\n<p>Lilli Lauro (Cambiamo con Toti presidente) ha chiesto a Mai di poter aggiungere le firme dei componenti del suo gruppo alla mozione. Lauro, replicando agli interventi di alcuni consiglieri di minoranza, ha ribadito l\u2019attenzione gi\u00e0 dimostrata dalla giunta al sostegno dei piccoli esercizi commerciali. Sergio Rossetti (Pd-Articolo Uno) ha annunciato voto favorevole rilevando, per\u00f2, la necessit\u00e0 di dibattere sull\u2019oppressione fiscale che colpisce piccoli artigiani e commercianti e ha sostenuto che ci sarebbero responsabilit\u00e0 anche della giunta circa le difficolt\u00e0 di accesso al credito per queste categorie. Stefano Balleari (FdI) ha chiesto di aggiungere la firma dei componenti del gruppo alla mozione condividendo, in particolare, nell\u2019impegnativa, la creazione di rete comunali e di vallata fra i negozi di vicinato. Alessandro Bozzano (Cambiamo con Toti presidente) ha espresso parere favorevole al documento spiegando che il testo rappresenta un punto di partenza in un percorso che dovr\u00e0 essere persegu\u00ecto.<\/p>\n<p>L\u2019assessore allo sviluppo economico Andrea Benveduti ha annunciato, a nome della giunta, voto favorevole sottolineando le difficolt\u00e0 ulteriori sub\u00ecte dal settore durante la pandemia e illustrando le iniziative gi\u00e0 assunte dalla giunta per tutelare la categoria e permettere ai piccoli esercizi di intercettare meglio la domanda.<\/p>\n","protected":false},"excerpt":{"rendered":"<p>&#8220;Occorre monitorare gli effetti della Digital tax&#8221;<\/p>\n","protected":false},"author":12120,"featured_media":0,"comment_status":"open","ping_status":"closed","sticky":false,"template":"","format":"standard","meta":{"footnotes":""},"categories":[45296,31],"tags":[116895,112339,295],"class_list":["post-522419","post","type-post","status-publish","format-standard","hentry","category-copertina","category-politica","tag-commercio-locale","tag-lega-liguria","tag-regione","post_tag_personaggi-stefano-mai"],"amp_validity":null,"amp_enabled":true,"_links":{"self":[{"href":"https:\/\/staging.ivg.it\/ediapi\/wp\/v2\/posts\/522419","targetHints":{"allow":["GET"]}}],"collection":[{"href":"https:\/\/staging.ivg.it\/ediapi\/wp\/v2\/posts"}],"about":[{"href":"https:\/\/staging.ivg.it\/ediapi\/wp\/v2\/types\/post"}],"author":[{"embeddable":true,"href":"https:\/\/staging.ivg.it\/ediapi\/wp\/v2\/users\/12120"}],"replies":[{"embeddable":true,"href":"https:\/\/staging.ivg.it\/ediapi\/wp\/v2\/comments?post=522419"}],"version-history":[{"count":0,"href":"https:\/\/staging.ivg.it\/ediapi\/wp\/v2\/posts\/522419\/revisions"}],"wp:attachment":[{"href":"https:\/\/staging.ivg.it\/ediapi\/wp\/v2\/media?parent=522419"}],"wp:term":[{"taxonomy":"category","embeddable":true,"href":"https:\/\/staging.ivg.it\/ediapi\/wp\/v2\/categories?post=522419"},{"taxonomy":"post_tag","embeddable":true,"href":"https:\/\/staging.ivg.it\/ediapi\/wp\/v2\/tags?post=522419"}],"curies":[{"name":"wp","href":"https:\/\/api.w.org\/{rel}","templated":true}]}}