{"id":521980,"date":"2021-03-30T17:51:49","date_gmt":"2021-03-30T15:51:49","guid":{"rendered":"http:\/\/www.ivg.it\/?p=521980"},"modified":"2021-03-30T18:03:01","modified_gmt":"2021-03-30T16:03:01","slug":"vaccini-in-farmacia-a-savona-e-a-dego-le-prime-40-dosi-della-provincia-replicare-in-altre-realta-del-territorio","status":"publish","type":"post","link":"https:\/\/staging.ivg.it\/2021\/03\/vaccini-in-farmacia-a-savona-e-a-dego-le-prime-40-dosi-della-provincia-replicare-in-altre-realta-del-territorio\/","title":{"rendered":"Vaccini in farmacia, a Savona e a Dego le prime 40 dosi della provincia: &#8220;Replicare in altre realt\u00e0 del territorio&#8221;"},"content":{"rendered":"<p><strong>Provincia<\/strong>. Sono <a href=\"https:\/\/www.ivg.it\/2021\/03\/in-liguria-via-alle-vaccinazioni-in-farmacia-toti-anche-noi-capaci-di-coinvolgere-tutte-le-categorie-in-uno-sforzo-nazionale\/\">iniziate <strong>stamattina le vaccinazioni nelle farmacie<\/strong> ligur<\/a>i con AstraZeneca per la fascia di popolazione con et\u00e0 compresa tra i 70 e i 79 anni. In provincia hanno cominciato a Savona in mattinata e a Dego nel pomeriggio. Durante questa settimana si aggiungono anche altre quattro sedi di cui due a Cairo Montenotte, una a Sassello e un&#8217;altra ad Albissola Marina per un totale di <a href=\"https:\/\/www.ivg.it\/2021\/03\/vaccini-covid-oggi-la-consegna-nelle-6-farmacie-savonesi-dopo-pasqua-potrebbero-diventare-30\/\">sei punti vaccinali territoriali in tutta la provincia<\/a>\u00a0con una disponibilit\u00e0 di 340 vaccini a settimana.<\/p>\n<p>La Liguria \u00e8 la <a href=\"https:\/\/www.ivg.it\/2021\/03\/covid-al-via-la-somministrazione-dei-vaccini-anche-in-farmacia-liguria-prima-regione-in-italia\/\">prima Regione ad aver intrapreso questa strada<\/a> grazie a un accordo con l&#8217;associazione di categoria Federfarma anticipando cos\u00ec la decisione nazionale. E&#8217; possibile prenotare da ieri la vaccinazione attraverso il <a href=\"https:\/\/prenotovaccino.regione.liguria.it\/\">portale di Regione Liguria<\/a>\u00a0o direttamente nelle farmacie. Invece, non \u00e8 previsto farlo chiamando direttamente la farmacia.<\/p>\n<p><strong>Savona<\/strong>. Nel capoluogo nella <strong>Premiata Farmacia Piemontese<\/strong> si sono completate stamattina a mezzogiorno le <strong>prime 20 vaccinazioni<\/strong>, le altre 40 destinate a questa farmacia sono previste nella mattinata di gioved\u00ec. Infatti, <strong>ogni farmacia ha a disposizione 60 dosi settimanali<\/strong> che pu\u00f2 gestire autonomamente.<\/p>\n<p>&#8220;Noi abbiamo deciso di aderire &#8211; spiega il titolare della farmacia &#8211; perch\u00e8 questa convenzione \u00e8 stata promossa da Federfarma dopo aver fatto un grossissimo lavoro di intelocuzione con Alisa e giundendo cos\u00ec a questo risultato. Abbiamo iniziato a operare con un <strong>numero limitato di pazienti<\/strong> anche per vedere come ci si adattava a questo &#8216;triage'&#8221;.<\/p>\n<div class=\"single-img-content-container fullwidth-single shortcode standard\">\n    <div class=\"image_container\" style=\"text-align: center;\">\n        <picture class=\" lazyload\"><img loading=\"lazy\" class=\"lazy\" data-srcset=\"https:\/\/www.ivg.it\/photogallery_new\/images\/2021\/03\/vaccini-in-farmacia-savona-675941.jpg 1024w, https:\/\/www.ivg.it\/photogallery_new\/images\/2021\/03\/vaccini-in-farmacia-savona-675941.jpg 970w, https:\/\/www.ivg.it\/photogallery_new\/images\/2021\/03\/vaccini-in-farmacia-savona-675941.jpg 660w, https:\/\/www.ivg.it\/photogallery_new\/images\/2021\/03\/vaccini-in-farmacia-savona-675941.jpg 316w, https:\/\/www.ivg.it\/photogallery_new\/images\/2021\/03\/vaccini-in-farmacia-savona-675941.jpg 150w\"  data-src=\"https:\/\/www.ivg.it\/photogallery_new\/images\/2021\/03\/vaccini-in-farmacia-savona-675941.jpg\" alt=\"Vaccini in farmacia Savona\" \/><\/picture>\r\n\n    <\/div>\n    <\/div>\n\n<p>Il <strong>bilancio della giornata \u00e8 positivo<\/strong>: &#8220;Da noi \u00e8 andato tutto veramente bene &#8211; aggiunge il farmacista -, siamo riusciti a fare le prime 20 dosi previste con uno <strong>scorrimento adeguato\u00a0<\/strong>e con tutti i controlli necessari, abbiamo previsto un&#8217;entrata e un&#8217;uscita separate. Abbiamo disposto una zona per l&#8217;attesa del proprio turno, una stanza per l&#8217;anamnesi con il medico e un&#8217;altra postazione per l&#8217;inoculazione. Direi che \u00e8 un&#8217;esperienza che <strong>si potrebbe replicare in altre realt\u00e0<\/strong>\u00a0del territorio per raggiungere un volume di vaccinazioni importante&#8221;.<\/p>\n<p>E aggiunge immaginando una diffusione capillare di questa modalit\u00e0: &#8220;In provincia di Savona le farmacie sono 105, se facessero anche solo 10-20 vaccini al giorno, come abbiamo fatto noi, arriveremo ad avere pi\u00f9 di 2 mila vaccini al giorno, in strutture delocalizzate senza assembramenti.\u00a0Cos\u00ec si pu\u00f2 contribuire a raggiungere\u00a0<strong>l&#8217;obiettivo di vaccinare l&#8217;80% della popolazione<\/strong> per raggiungere la cosiddetta immunit\u00e0 di gregge. Noi abbiamo <strong>potenzialit\u00e0 di fare 40 dosi al giorno senza intralciare nulla<\/strong> e sarebbe gi\u00e0 un bel risultato perch\u00e8 arriveremmo a <strong>240 vaccini alla settimana<\/strong> e in una piccola struttura periferica come siamo noi \u00e8 un risultato notevole&#8221;.<\/p>\n<p><strong>Dego<\/strong>. Oggi pomeriggio operativa anche la <strong>Farmacia Varaldo di Dego<\/strong> che ha organizzato la somministrazione dei vaccini nel salone della Pro Loco in piazza Emilio Botta. Infatti, se non si dispone di locali adeguati per vaccinare all&#8217;interno, \u00e8 possibile usufruire di sedi esterne nelle vicinanze (studi medici convenzionati, altri locali pubblici, sedi di associazioni di volontariato). Anche qui, come a Savona, sono state <strong>inoculate le prime 20 dosi e <\/strong>per il secondo giorno verranno usate le rimanenti 40<strong>.<\/strong>\u00a0Tutte le dosi a disposizione per le prime due settimane sono gi\u00e0 state prenotate.<\/p>\n<h4 class=\"article_heading\">Le farmacie abilitate<\/h4>\n<p>Premiata Farmacia Piemontese, Via Torino 77r &#8211; Savona: marted\u00ec mattina e gioved\u00ec tutto il giorno<\/p>\n<p>San Giovanni, Via G.B. Badano 17 &#8211; Sassello (Sv):\u00a0luned\u00ec, mercoled\u00ec e venerd\u00ec pomeriggio<\/p>\n<p>Varaldo, Via Martiri della Libert\u00e0 37 &#8211; Dego (Sv):\u00a0marted\u00ec pomeriggio e mercoled\u00ec tutto il giorno<\/p>\n<p>Rodino, Via dei Portici 31 &#8211; Cairo Montenotte (Sv):\u00a0sabato mattina<\/p>\n<p>Della Concordia, Corso Marconi 246 &#8211; Cairo Montenotte (Sv):\u00a0gioved\u00ec e sabato pomeriggio<\/p>\n<p>Della Concordia, Corso Bigliati 24 &#8211; Albisola Marina (Sv):\u00a0luned\u00ec, mercoled\u00ec e venerdi pomeriggio<\/p>\n","protected":false},"excerpt":{"rendered":"<p>Ogni farmacia ha a disposizione 60 dosi a settimana<\/p>\n","protected":false},"author":20734,"featured_media":0,"comment_status":"open","ping_status":"closed","sticky":false,"template":"","format":"standard","meta":{"footnotes":""},"categories":[45296,34],"tags":[113785,112696,12997,117308,116179],"class_list":["post-521980","post","type-post","status-publish","format-standard","hentry","category-copertina","category-cronaca","tag-covid","tag-emergenza-coronavirus","tag-federfarma","tag-vaccino-anti-covid","tag-vaccino-covid","post_cat_citta-dego","post_cat_citta-savona"],"amp_validity":null,"amp_enabled":true,"_links":{"self":[{"href":"https:\/\/staging.ivg.it\/ediapi\/wp\/v2\/posts\/521980","targetHints":{"allow":["GET"]}}],"collection":[{"href":"https:\/\/staging.ivg.it\/ediapi\/wp\/v2\/posts"}],"about":[{"href":"https:\/\/staging.ivg.it\/ediapi\/wp\/v2\/types\/post"}],"author":[{"embeddable":true,"href":"https:\/\/staging.ivg.it\/ediapi\/wp\/v2\/users\/20734"}],"replies":[{"embeddable":true,"href":"https:\/\/staging.ivg.it\/ediapi\/wp\/v2\/comments?post=521980"}],"version-history":[{"count":0,"href":"https:\/\/staging.ivg.it\/ediapi\/wp\/v2\/posts\/521980\/revisions"}],"wp:attachment":[{"href":"https:\/\/staging.ivg.it\/ediapi\/wp\/v2\/media?parent=521980"}],"wp:term":[{"taxonomy":"category","embeddable":true,"href":"https:\/\/staging.ivg.it\/ediapi\/wp\/v2\/categories?post=521980"},{"taxonomy":"post_tag","embeddable":true,"href":"https:\/\/staging.ivg.it\/ediapi\/wp\/v2\/tags?post=521980"}],"curies":[{"name":"wp","href":"https:\/\/api.w.org\/{rel}","templated":true}]}}