{"id":521958,"date":"2021-03-30T09:27:53","date_gmt":"2021-03-30T07:27:53","guid":{"rendered":"http:\/\/www.ivg.it\/?p=521958"},"modified":"2021-03-30T09:34:27","modified_gmt":"2021-03-30T07:34:27","slug":"alessia-ambrosi-regina-delle-nevi-dal-mare-di-varazze-ai-trionfi-di-prato-nevoso-e-livigno","status":"publish","type":"post","link":"https:\/\/staging.ivg.it\/2021\/03\/alessia-ambrosi-regina-delle-nevi-dal-mare-di-varazze-ai-trionfi-di-prato-nevoso-e-livigno\/","title":{"rendered":"Alessia Ambrosi \u201cregina delle nevi\u201d: dal mare di Varazze ai trionfi di Prato Nevoso e Livigno"},"content":{"rendered":"<p><strong>Prato Nevoso.<\/strong> Si conferma una grande promessa dello sci freestyle la giovane atleta varazzina Alessia Ambrosi che ha vinto le tre gare, una a Prato Nevoso, le altre a Livigno in Valtellina, del Circuito Italiano Freeski.<\/p>\n<p>Da tempo in forza nel Team Valbelluna in Veneto a Falcade, proprio per favorire le sue qualit\u00e0 in una squadra che annovera tutte le speranze di questa specialit\u00e0 sciistica nuova ma che appassiona tantissimo il pubblico per la sua spettacolarit\u00e0.<br \/>\nIntanto domenica a Prato Nevoso, ancora un\u2019ottima prova della sciatrice ligure in un calendario ridotto a causa della pandemia. Alessia si \u00e8 piazzata seconda nella sua categoria e terza nel Campionato Italiano Assoluto.<\/p>\n<p>Molto soddisfatto dei risultati conseguiti in questa particolare stagione dalla varazzina il suo allenatore, Simone Canal, che crede profondamente nelle qualit\u00e0 dell\u2019atleta dalla quale si aspetta molte soddisfazioni.<\/p>\n<p>Una ragazza cresciuta in riva al mare con, da sempre, la passione per la montagna che, per ora, divide con lo studio ma che potrebbe diventare la sua professione.<\/p>\n<div class=\"single-img-content-container fullwidth-single shortcode standard\">\n    <div class=\"image_container\" style=\"text-align: center;\">\n        <picture class=\" lazyload\"><img loading=\"lazy\" class=\"lazy\" data-srcset=\"https:\/\/www.ivg.it\/photogallery_new\/images\/2021\/03\/generica-675884.jpg 1024w, https:\/\/www.ivg.it\/photogallery_new\/images\/2021\/03\/generica-675884.jpg 970w, https:\/\/www.ivg.it\/photogallery_new\/images\/2021\/03\/generica-675884.jpg 660w, https:\/\/www.ivg.it\/photogallery_new\/images\/2021\/03\/generica-675884.jpg 316w, https:\/\/www.ivg.it\/photogallery_new\/images\/2021\/03\/generica-675884.jpg 150w\"  data-src=\"https:\/\/www.ivg.it\/photogallery_new\/images\/2021\/03\/generica-675884.jpg\" alt=\"alessia ambrosi \" \/><\/picture>\r\n\n    <\/div>\n    <\/div>\n\n","protected":false},"excerpt":{"rendered":"<p>La sciatrice varazzina si \u00e9 aggiudicata il Circuito Italiano Freesky<\/p>\n","protected":false},"author":19447,"featured_media":0,"comment_status":"open","ping_status":"closed","sticky":false,"template":"","format":"standard","meta":{"footnotes":""},"categories":[42377,32],"tags":[1858],"class_list":["post-521958","post","type-post","status-publish","format-standard","hentry","category-altri-sport","category-sport","tag-sci","post_cat_citta-varazze","post_tag_personaggi-alessia-ambrosi"],"amp_validity":null,"amp_enabled":true,"_links":{"self":[{"href":"https:\/\/staging.ivg.it\/ediapi\/wp\/v2\/posts\/521958","targetHints":{"allow":["GET"]}}],"collection":[{"href":"https:\/\/staging.ivg.it\/ediapi\/wp\/v2\/posts"}],"about":[{"href":"https:\/\/staging.ivg.it\/ediapi\/wp\/v2\/types\/post"}],"author":[{"embeddable":true,"href":"https:\/\/staging.ivg.it\/ediapi\/wp\/v2\/users\/19447"}],"replies":[{"embeddable":true,"href":"https:\/\/staging.ivg.it\/ediapi\/wp\/v2\/comments?post=521958"}],"version-history":[{"count":0,"href":"https:\/\/staging.ivg.it\/ediapi\/wp\/v2\/posts\/521958\/revisions"}],"wp:attachment":[{"href":"https:\/\/staging.ivg.it\/ediapi\/wp\/v2\/media?parent=521958"}],"wp:term":[{"taxonomy":"category","embeddable":true,"href":"https:\/\/staging.ivg.it\/ediapi\/wp\/v2\/categories?post=521958"},{"taxonomy":"post_tag","embeddable":true,"href":"https:\/\/staging.ivg.it\/ediapi\/wp\/v2\/tags?post=521958"}],"curies":[{"name":"wp","href":"https:\/\/api.w.org\/{rel}","templated":true}]}}