{"id":521878,"date":"2021-03-29T12:55:04","date_gmt":"2021-03-29T10:55:04","guid":{"rendered":"http:\/\/www.ivg.it\/?p=521878"},"modified":"2021-03-29T12:55:04","modified_gmt":"2021-03-29T10:55:04","slug":"sup-ripartite-le-competizioni-nazionali-sara-oddera-e-paolo-nardini-rispondono-presente","status":"publish","type":"post","link":"https:\/\/staging.ivg.it\/2021\/03\/sup-ripartite-le-competizioni-nazionali-sara-oddera-e-paolo-nardini-rispondono-presente\/","title":{"rendered":"Sup, ripartite le competizioni nazionali: Sara Oddera e Paolo Nardini rispondono presente"},"content":{"rendered":"<p><strong>Savona.<\/strong> Domenica 28 marzo \u00e8 tornato uno sprazzo di normalit\u00e0 all\u2019interno di uno degli scenari pi\u00f9 belli della natura italiana, il delta del Po, in quel di Comacchio e precisamente a <strong>Lido di Volano<\/strong>.<\/p>\n<p>In questo periodo tutt&#8217;altro che piacevole che stanno attraversando i cittadini italiani, tra limitazioni, virus, decreti e chi pi\u00f9 ne ha pi\u00f9 ne metta, la societ\u00e0 <strong>Delta Sup<\/strong>, in collaborazione con la Federazione Italiana Canoa e Kayak, capitanata dall&#8217;Italian Sup League, <strong>\u00e8 riuscita a calendarizzare una serie di appuntamenti di gare di stand up paddle nell&#8217;anno 2021<\/strong>, nonostante le restrizioni e in piena regola in fatto di sorveglianza e rispetto delle normative vigenti.<\/p>\n<p>Non \u00e8 mancata la presenza di <strong>Sara Oddera e Paolo Nardini del Sup Team Savona che hanno affrontato gli otto chilometri di gara al meglio delle loro possibilit\u00e0<\/strong>, raggiungendo un buon risultato complessivo.<\/p>\n<p>Nella suggestiva baia del Lido di Volano <strong>Sara si \u00e8 aggiudicata un terzo posto assoluto ed un primo posto di categoria<\/strong> mentre <strong>Paolo,<\/strong> dopo un duello entusiasmante, <strong>ha conquistato la seconda posizione negli over 50.<\/strong><\/p>\n<p>&#8220;<em>Un ringraziamento particolare agli organizzatori che sono riusciti a regalarci una giornata in cui si sono ritrovati i valori che contano, amicizia, serenit\u00e0 e sana competizione<\/em>&#8221; \u00e8 il commento della coppia savonese.<\/p>\n","protected":false},"excerpt":{"rendered":"<p>La coppia del Sup Team Savona ha gareggiato a Lido di Volano<\/p>\n","protected":false},"author":18,"featured_media":0,"comment_status":"open","ping_status":"closed","sticky":false,"template":"","format":"standard","meta":{"footnotes":""},"categories":[45296,42377,134,32],"tags":[86370,33540,107357],"class_list":["post-521878","post","type-post","status-publish","format-standard","hentry","category-copertina","category-altri-sport","category-rank","category-sport","tag-stand-up-paddle","tag-sup","tag-sup-team-savona","post_cat_citta-savona"],"amp_validity":null,"amp_enabled":true,"_links":{"self":[{"href":"https:\/\/staging.ivg.it\/ediapi\/wp\/v2\/posts\/521878","targetHints":{"allow":["GET"]}}],"collection":[{"href":"https:\/\/staging.ivg.it\/ediapi\/wp\/v2\/posts"}],"about":[{"href":"https:\/\/staging.ivg.it\/ediapi\/wp\/v2\/types\/post"}],"author":[{"embeddable":true,"href":"https:\/\/staging.ivg.it\/ediapi\/wp\/v2\/users\/18"}],"replies":[{"embeddable":true,"href":"https:\/\/staging.ivg.it\/ediapi\/wp\/v2\/comments?post=521878"}],"version-history":[{"count":0,"href":"https:\/\/staging.ivg.it\/ediapi\/wp\/v2\/posts\/521878\/revisions"}],"wp:attachment":[{"href":"https:\/\/staging.ivg.it\/ediapi\/wp\/v2\/media?parent=521878"}],"wp:term":[{"taxonomy":"category","embeddable":true,"href":"https:\/\/staging.ivg.it\/ediapi\/wp\/v2\/categories?post=521878"},{"taxonomy":"post_tag","embeddable":true,"href":"https:\/\/staging.ivg.it\/ediapi\/wp\/v2\/tags?post=521878"}],"curies":[{"name":"wp","href":"https:\/\/api.w.org\/{rel}","templated":true}]}}