{"id":521853,"date":"2021-03-29T08:52:02","date_gmt":"2021-03-29T06:52:02","guid":{"rendered":"http:\/\/www.ivg.it\/?p=521853"},"modified":"2021-03-29T08:52:02","modified_gmt":"2021-03-29T06:52:02","slug":"una-neosavonese-scrive-al-sindaco-caprioglio-sarebbe-bello-avere-una-scuola-montessori","status":"publish","type":"post","link":"https:\/\/staging.ivg.it\/2021\/03\/una-neosavonese-scrive-al-sindaco-caprioglio-sarebbe-bello-avere-una-scuola-montessori\/","title":{"rendered":"Una neosavonese scrive al sindaco Caprioglio: &#8220;Sarebbe bello avere una scuola Montessori&#8221;"},"content":{"rendered":"<p><em>Gentile Sindaco,<\/em><br \/>\n<em>Premetto che non sono originaria di Savona, mi sono trasferita qui a inizi 2016 perch\u00e9 un savonese mi ha rubato il cuore :-) e mi trovo molto bene.<\/em><br \/>\n<em>A fine 2016 ho avuto una bimba che \u00e8 nata al San Paolo.<\/em><br \/>\n<em>Da l\u00ec mi si \u00e8 aperto un mondo ed \u00e8 iniziato il mio interesse per il Metodo Montessori.<\/em><br \/>\n<em>Desiderando far frequentare alla mia bimba una realt\u00e0 Montessoriana ho cercato un p\u00f2 nei dintorni, ma mi sembra che qui non ci sia nulla del genere.<\/em><\/p>\n<p><em>Avendo solo avuto un&#8217;infarinatura generale sul Metodo, mi sono meravigliata davanti alla vita di questa donna spettacolare: una delle prime donne a frequentare la facolt\u00e0 di medicina, ha coniato un Metodo all&#8217;avanguardia (considerando che stiamo parlando di 120 anni fa) improntato sullo sviluppo dell&#8217;autonomia di ogni singolo bambino e che ancora oggi \u00e8 attualissimo e molto usato. E&#8217; veramente affascinante!<\/em><br \/>\n<em>E per quel poco che sono riuscita a praticare a casa \u00e8 davvero utile e ha divertito molto anche me!<\/em><\/p>\n<p><em>Avevo visto che qui a Savona intorno al 2015-17 sono stati organizzati dei corsi per insegnanti sul Metodo e, a detta di qualche giornale, c&#8217;era in progetto di aprire qualche scuola a Metodo Montessori. Mi chiedevo, se ci\u00f2 fosse vero, dove si \u00e8 arenato il progetto e perch\u00e9.\u00a0<\/em><em>E mi domandavo se ci fosse la possibilit\u00e0 di riprenderlo in mano in qualche modo e farlo diventare cosa concreta.<\/em><\/p>\n<p><em>I bambini sono il cuore pulsante della societ\u00e0, e sono sicura che Lei che ne ha 3 (mi sembra di ricordare, \u00e8 corretto?) mi capir\u00e0 sicuramente. Se ci preoccupiamo del loro futuro, di sicuro ne giover\u00e0 l&#8217;intera citt\u00e0!<\/em><br \/>\n<em>Oltre a ci\u00f2 che una scuola di questo tipo potr\u00e0 essere il fiore all&#8217;occhiello di una citt\u00e0 che \u00e8 gi\u00e0 molto bella.<\/em><\/p>\n<p><em>La ringrazio per veramente per avermi dedicato il Suo tempo, e mi auguro veramente con tutto il cuore che ci possa essere anche solo uno spiraglio.<\/em><br \/>\n<em>Le mando un abbraccio e un bacio anche ai suoi bimbi.<\/em><\/p>\n<p>Elena Palese<\/p>\n","protected":false},"excerpt":{"rendered":"<p>Gentile Sindaco, Premetto che non sono originaria di Savona, mi sono trasferita qui a inizi 2016 perch\u00e9 un savonese mi ha rubato il cuore :-) e mi trovo molto bene. A fine 2016 ho avuto una bimba che \u00e8 nata al San Paolo. Da l\u00ec mi si \u00e8 aperto un mondo ed \u00e8 iniziato il [&hellip;]<\/p>\n","protected":false},"author":10593,"featured_media":0,"comment_status":"open","ping_status":"closed","sticky":false,"template":"","format":"standard","meta":{"footnotes":""},"categories":[120],"tags":[],"class_list":["post-521853","post","type-post","status-publish","format-standard","hentry","category-lettere","post_cat_citta-savona"],"amp_validity":null,"amp_enabled":true,"_links":{"self":[{"href":"https:\/\/staging.ivg.it\/ediapi\/wp\/v2\/posts\/521853","targetHints":{"allow":["GET"]}}],"collection":[{"href":"https:\/\/staging.ivg.it\/ediapi\/wp\/v2\/posts"}],"about":[{"href":"https:\/\/staging.ivg.it\/ediapi\/wp\/v2\/types\/post"}],"author":[{"embeddable":true,"href":"https:\/\/staging.ivg.it\/ediapi\/wp\/v2\/users\/10593"}],"replies":[{"embeddable":true,"href":"https:\/\/staging.ivg.it\/ediapi\/wp\/v2\/comments?post=521853"}],"version-history":[{"count":0,"href":"https:\/\/staging.ivg.it\/ediapi\/wp\/v2\/posts\/521853\/revisions"}],"wp:attachment":[{"href":"https:\/\/staging.ivg.it\/ediapi\/wp\/v2\/media?parent=521853"}],"wp:term":[{"taxonomy":"category","embeddable":true,"href":"https:\/\/staging.ivg.it\/ediapi\/wp\/v2\/categories?post=521853"},{"taxonomy":"post_tag","embeddable":true,"href":"https:\/\/staging.ivg.it\/ediapi\/wp\/v2\/tags?post=521853"}],"curies":[{"name":"wp","href":"https:\/\/api.w.org\/{rel}","templated":true}]}}