{"id":521831,"date":"2021-03-28T16:34:09","date_gmt":"2021-03-28T14:34:09","guid":{"rendered":"http:\/\/www.ivg.it\/?p=521831"},"modified":"2021-03-28T16:58:35","modified_gmt":"2021-03-28T14:58:35","slug":"covid-e-restrizioni-toti-road-map-per-la-ripartenza-ora-conosciamo-il-virus","status":"publish","type":"post","link":"https:\/\/staging.ivg.it\/2021\/03\/covid-e-restrizioni-toti-road-map-per-la-ripartenza-ora-conosciamo-il-virus\/","title":{"rendered":"Covid e restrizioni, Toti: &#8220;Road map per la ripartenza, ora conosciamo il virus&#8221;"},"content":{"rendered":"<p><strong>Liguria.<\/strong> &#8220;Nessuno vuole riaprire il Paese a dispetto dei numeri. E tutti ci rendiamo conto che la situazione ancora oggi non \u00e8 facile. Ma questo non pu\u00f2 e non deve impedire di guardare al futuro: invece di dire \u201cchiudiamo tutto e poi vediamo&#8221; potremmo stabilire una serie di date, una road map, verso la ripartenza, sempre che i dati ci confermino via via la possibilit\u00e0 di farlo&#8221;.<\/p>\n<p>Lo ha detto oggi il presidente della Regione Liguria Giovanni Toti riguardo alla situazione sanitaria e alle pesanti restrizioni primaverili con chiusure ed altre conseguenze socio-economiche. <\/p>\n<p>&#8220;Perch\u00e9 non dire ai ristoranti che da tal giorno, dati permettendo, potranno accogliere prenotazioni anche per la sera? Perch\u00e9 non dare la possibilit\u00e0, suffragata da date, di organizzare un meeting per fine giugno, o un matrimonio per luglio? Perch\u00e9 non una fiera internazionale o un congresso per settembre? O banalmente un torneo di calcetto a met\u00e0 maggio? Lo ribadisco, dati permettendo, ma almeno riaccendiamo la speranza&#8221; aggiunge.<\/p>\n<p>&#8220;Lo dico perch\u00e9 se lo scorso anno non avevamo riferimenti sul Covid, quest\u2019anno invece s\u00ec. La pandemia sta seguendo un andamento simile a quello dello scorso anno. Non sono certo un esperto, ma \u00e8 possibile immaginare che, come gi\u00e0 accaduto, nelle prossime settimane, con l\u2019avanzata del caldo, della primavera, della possibilit\u00e0 di stare di pi\u00f9 all\u2019aperto e non in luoghi chiusi, i contagi diminuiranno&#8221;.<\/p>\n<p>&#8220;In pi\u00f9, nelle prossime settimane proseguir\u00e0 serrata la campagna vaccinale, che la scorsa primavera non c\u2019era. E quindi \u00e8 probabile che il virus cali pi\u00f9 rapidamente dello scorso anno&#8221;.<\/p>\n<p>&#8220;Dunque, se la scorsa estate abbiamo cominciato a riaprire nel mese di maggio, forse potremmo anche anticipare un p\u00f2. Allora, con questo semplice ragionamento, perch\u00e9 non ci diamo da subito delle regole e delle date, per fare in modo che il Paese si prepari, senza le riunioni notturne e le improvvisazioni del passato? Io credo che dopo la Pasqua si possa fare. Questo chiedo come amministratore e questo chiederanno i parlamentari del nostro movimento politico alla Camera e al Senato&#8221; conclude Toti.<\/p>\n","protected":false},"excerpt":{"rendered":"<p>Il governatore ligure lancia la sua proposta, dati sanitari permettendo\u2026<\/p>\n","protected":false},"author":4,"featured_media":0,"comment_status":"open","ping_status":"closed","sticky":false,"template":"","format":"standard","meta":{"footnotes":""},"categories":[45296,34,35,31],"tags":[115788,113160],"class_list":["post-521831","post","type-post","status-publish","format-standard","hentry","category-copertina","category-cronaca","category-economia","category-politica","tag-emergenza-covid","tag-riaperture","post_tag_personaggi-giovanni-toti"],"amp_validity":null,"amp_enabled":true,"_links":{"self":[{"href":"https:\/\/staging.ivg.it\/ediapi\/wp\/v2\/posts\/521831","targetHints":{"allow":["GET"]}}],"collection":[{"href":"https:\/\/staging.ivg.it\/ediapi\/wp\/v2\/posts"}],"about":[{"href":"https:\/\/staging.ivg.it\/ediapi\/wp\/v2\/types\/post"}],"author":[{"embeddable":true,"href":"https:\/\/staging.ivg.it\/ediapi\/wp\/v2\/users\/4"}],"replies":[{"embeddable":true,"href":"https:\/\/staging.ivg.it\/ediapi\/wp\/v2\/comments?post=521831"}],"version-history":[{"count":0,"href":"https:\/\/staging.ivg.it\/ediapi\/wp\/v2\/posts\/521831\/revisions"}],"wp:attachment":[{"href":"https:\/\/staging.ivg.it\/ediapi\/wp\/v2\/media?parent=521831"}],"wp:term":[{"taxonomy":"category","embeddable":true,"href":"https:\/\/staging.ivg.it\/ediapi\/wp\/v2\/categories?post=521831"},{"taxonomy":"post_tag","embeddable":true,"href":"https:\/\/staging.ivg.it\/ediapi\/wp\/v2\/tags?post=521831"}],"curies":[{"name":"wp","href":"https:\/\/api.w.org\/{rel}","templated":true}]}}