{"id":521524,"date":"2021-03-24T15:00:16","date_gmt":"2021-03-24T14:00:16","guid":{"rendered":"http:\/\/www.ivg.it\/?p=521524"},"modified":"2021-03-25T07:52:20","modified_gmt":"2021-03-25T06:52:20","slug":"compra-un-ovetto-per-aiutare-un-zenzatetto","status":"publish","type":"post","link":"https:\/\/staging.ivg.it\/2021\/03\/compra-un-ovetto-per-aiutare-un-zenzatetto\/","title":{"rendered":"Compra un ovetto, per aiutare un senzatetto"},"content":{"rendered":"<p>Amici lettori, perch\u00e9 vi sento virtualmente vicini, vi volevo raccontare di un&#8217;iniziativa che ho ideato, insieme alla mia ragazza, Cinzia Peri medico di famiglia a Savona, per permettere alle persone pi\u00f9 generose di poter aiutarci ad aiutare.<\/p>\n<p>Nel 2020, mediamente tre volte alla settimana, i City Angels Savona hanno distribuito cibo e the ad oltre 20 persone senzatetto, alcune con vite che meritano di essere raccontate nei prossimi articoli. Oltre a distribuire centinaia di coperte e vestiti.<br \/>\nMa, oltre ai senzatetto, si sono donati pacchi alimentari ad oltre cinquanta famiglie,\u00a0portato doni alle nonnine della RSA del Santuario, aiutato alcune famiglie a riottenere il gas in casa (pagando le bollette facendo collette), portando regali insieme alla nostra befana a bambini di famiglie bisognose e vedendo il loro volto carico di gioia, ecc&#8230;<\/p>\n<p>Arrivo al dunque: io e Cinzia (persona pi\u00f9 di cuore di me) abbiamo realizzato e colorato a mano 69 ovetti, di sei tipi differenti, che sono stati magicamente confezionati insieme ad ovetti di cioccolato dalla nostra coordinatrice &#8220;Red&#8221;.<\/p>\n<p>Quale momento migliore della Pasqua per fare un piccolo gesto per i bisognosi?<\/p>\n<p>Pasqua \u00e8 da sempre sinonimo di rinascita, e la auguriamo a tutte le persone che meritano di pi\u00f9 dalla vita.<br \/>\nLa Pasqua non \u00e8 solo la principale solennit\u00e0 del cristianesimo, celebrando la risurrezione di Ges\u00f9, avvenuta nel terzo giorno dalla sua morte in croce, come narrato nei Vangeli.<br \/>\nE anche la Pasqua ebraica \u00e9 un momento di rinascita, rappresentando la liberazione dalla schiavit\u00f9 d&#8217;Egitto: in entrambi i casi \u00e9 un evento straordinario, dove il bene trionfa sul male.<\/p>\n<p>Io, da giardiniere poliedrico, vedo un collegamento con la primavera: la stagione pi\u00f9 amata anche perch\u00e9 porta calore dopo il freddo dell&#8217;inverno. S\u00ec pu\u00f2 dire con certezza, che la primavera \u00e9 associata a sentimenti e sensazioni positive: appunto rinascita, ma anche vitalit\u00e0 e prosperit\u00e0. Specialmente, per me che amo da matti la natura.<\/p>\n<p>A Pasqua c&#8217;\u00e8 l&#8217;abitudine di regalare uova di cioccolato. In realt\u00e0 quest&#8217;abitudine \u00e8 nata con il tempo, ma all&#8217;inizio si regalavano uova vere, con il guscio colorato, col significato di rinascita e che la vita ricomincia.<\/p>\n<p>Questi ovetti li abbiamo prodotti io e Cinzia la sera, un po&#8217; stanchi dalla giornata, ma mettendoci tanta passione.<\/p>\n<p>Il ricavato andr\u00e1 interamente devoluto ai City Angels Savona e servir\u00e0 per aiutare i bisognosi.<\/p>\n<p>Questi sacchettini, possono aiutare chi ha bisogno. Una piccola donazione per sostenere l&#8217;associazione City Angels Italia sezione di Savona. Per Prenotarvi, visto che non sono tantissimi, inviate un messaggio con vostro nome al 3409274736.<\/p>\n<p>Verranno consegnati al vostro domicilio se siete residenti nelle vicinanze. Grazie di cuore a chi aiuta ad aiutare.<\/p>\n<p>Scrive bellissime parole, colme di sentimenti, la coordinatrice &#8220;Red&#8221;<\/p>\n<p>&#8220;Vite nel buio&#8230;.povere anime che ti parlano con gli occhi&#8230;molte volte piene di lacrime&#8230; come quelle di Thomas che dopo la tragica morte della giovane moglie si \u00e8 buttato sulla strada&#8230; oppure quelli di Davide&#8230; lui vive in auto.. ha un lavoro a tempo determinato ma ad oggi non ha ancora ricevuto il primo stipendio&#8230;dorme rannicchiato sul sedile posteriore e al mattino prende l&#8217;autobus per andare al lavoro perch\u00e9 l&#8217;auto purtroppo \u00e8 guasta e senza collaudo&#8230;.non si riesce a non lasciare in quegli anfratti bui un pezzo del nostro cuore&#8230;<br \/>\nIl volontariato \u00e8 un lavoro retribuito con dei sorrisi.<\/p>\n<p>Ed \u00e8 davvero appagante vedere sorrisi sui volti di persone che hanno perso quello splendore che la vita gli aveva regalato, quando gli porgi il &#8220;pane&#8221; che loro non riescono pi\u00f9 a comprare!<br \/>\nPersone che, specialmente in questo periodo maledetto, si sono trovate a dover affrontare situazioni di disagio economico non riuscendo a far fronte alla spesa quotidiana.<br \/>\nSui loro volti si legge la stanchezza, la tristezza, la spossatezza di chi cerca di arrancare sulle salite sempre pi\u00f9 ripide che ogni giorno la vita gli pone innanzi.<br \/>\nAnziani, madri, padri, nonni, ma anche giovani coppie che non riescono a vedere una strada in discesa davanti a s\u00e9.<br \/>\nChi si scusa, con espressione emaciata in volto di chi si sente quasi colpevole, perch\u00e8 nella loro vita non \u00e8 mai capitato di aver dovuto chiedere aiuto a qualcuno per sopravvivere, perch\u00e9 il lavoro non gli era mai mancato.<br \/>\nEppure capita&#8230; arriva cos\u00ec tutto all&#8217;improvviso&#8230;.come quando ci sorprende un temporale&#8230;ci trova impreparati e sprovvisti di ombrello&#8230;ma c \u00e8 sempre da qualche parte un&#8217;anima buona che ce lo presta!!<\/p>\n<p>Non ci si deve vergognare!<br \/>\nBasta poi solo ringraziare chi ti porge l&#8217;ombrello&#8230; \u00e8 questo il miglior gesto che pu\u00f2 riempire il cuore di chi dona!<br \/>\nGuardiamoci intorno, osserviamo e cerchiamo di capire chi pu\u00f2 essere in difficolt\u00e0, non voltiamoci dall&#8217;altra parte se qualcuno chiede aiuto, a volte lo fa ma sottovoce&#8230; proviamo a sentire quel lamento&#8230;ad interpretare quello che si portano dentro&#8230; purtroppo ci sono persone dietro a porte chiuse che hanno un maledetto bisogno di aiuto e non osano chiedere.<br \/>\nE non \u00e8 facile trovarli..ci si arriva spesso tramite conoscenti, quando a volte le situazioni sono ormai degenerate.<br \/>\nInvece coloro che scelgono la strada difficilmente li riporti indietro&#8230;vivono ai margini proprio per non farsi riconoscere&#8230; fuggono spesso da situazioni familiari molto dolorose e la strada \u00e8 la loro forma di libert\u00e0&#8230; se ne vogliono stare in un angolo che scelgono e addobbano con le loro poche cose&#8230;non chiedono nulla&#8230;.poi la loro vita di solito finisce l\u00e0 in quell&#8217;angolo dove hanno cercato di cambiarla.<br \/>\nMa noi volontari ci siamo e cerchiamo di capire e a volte di andare oltre il nostro operato portandoci dentro, spesso e volentieri, una parte dei loro problemi.<\/p>\n<p>Infine poi ci sentiamo sereni dopo aver ascoltato tante voci e tante storie e per aver regalato qualche sorriso!<br \/>\nLe associazioni di volontariato devono essere alimentate per dare forza a chi forza non ha pi\u00f9!<br \/>\nLasciamo che lo stupore gioioso della Domenica di Pasqua si irradi nei pensieri, negli sguardi, negli atteggiamenti, nei gesti e nelle parole&#8230; Magari fossimo cos\u00ec luminosi! Ma questo non \u00e8 un maquillage! Viene da dentro&#8221;<\/p>\n<p>Concludo con le parole magiche di Stephen Littleword<\/p>\n<blockquote><p>&#8220;Pasqua \u00e8 il simbolo del Rinnovamento, della Gioia e della Rinascita,<br \/>\nIn questo giorno per tutti un po&#8217; speciale, ti auguro di trasformare i tuoi sogni<br \/>\nin una splendida realt\u00e0, per sorridere ai giorni avvenire<br \/>\ncon quella gioia nel cuore che solo le cose autentiche e genuine sanno donarti.<br \/>\nBuona Pasqua di serenit\u00e0 e gioia!&#8221;<\/p><\/blockquote>\n<p>Elon &#8211; City Angels Savona<\/p>\n<p><em>&#8220;La nostra \u00e8\u00a0un&#8217;associazione onlus\u00a0a carattere laico, multietnico e antirazzista di volontari di strada d&#8217;emergenza&#8221;. Cos\u00ec si definiscono i City Angels, fondati nel\u00a01994 da Mario Furlan (nome in codice &#8220;Stone&#8221;), giornalista e docente universitario originario di Savona. Sono presenti in\u00a0Italia e Svizzera. La sezione savonese \u00e8 la ventesima creata in Italia. Il volontario Diego Gambaretto (nickname &#8220;Elon&#8221;) ci accompagner\u00e0 settimanalmente nelle passeggiate dei City Angels, raccontandoci cronache, storie e scorci di vita degli &#8220;invisibili&#8221; con cui ogni settimana verranno a contatto.<br \/>\nGli &#8220;angeli&#8221; verranno sempre indicati con il loro &#8220;nome in codice&#8221;.<\/em><em>\u00a0<a href=\"http:\/\/www.ivg.it\/tag\/vite-nel-buio\/\">Clicca qui per leggere tutti gli articoli<\/a><\/em><\/p>\n","protected":false},"excerpt":{"rendered":"<p>&#8220;Vite nel buio&#8221; \u00e8 la rubrica in cui Diego Gambaretto, nome in codice &#8220;Elon&#8221;, ci accompagna nelle passeggiate dei City Angels<\/p>\n","protected":false},"author":12120,"featured_media":0,"comment_status":"open","ping_status":"closed","sticky":false,"template":"","format":"standard","meta":{"footnotes":""},"categories":[45296,56],"tags":[100610,100937],"class_list":["post-521524","post","type-post","status-publish","format-standard","hentry","category-copertina","category-altre","tag-city-angels-savona","tag-vite-nel-buio","post_tag_personaggi-diego-gambaretto"],"amp_validity":null,"amp_enabled":true,"_links":{"self":[{"href":"https:\/\/staging.ivg.it\/ediapi\/wp\/v2\/posts\/521524","targetHints":{"allow":["GET"]}}],"collection":[{"href":"https:\/\/staging.ivg.it\/ediapi\/wp\/v2\/posts"}],"about":[{"href":"https:\/\/staging.ivg.it\/ediapi\/wp\/v2\/types\/post"}],"author":[{"embeddable":true,"href":"https:\/\/staging.ivg.it\/ediapi\/wp\/v2\/users\/12120"}],"replies":[{"embeddable":true,"href":"https:\/\/staging.ivg.it\/ediapi\/wp\/v2\/comments?post=521524"}],"version-history":[{"count":0,"href":"https:\/\/staging.ivg.it\/ediapi\/wp\/v2\/posts\/521524\/revisions"}],"wp:attachment":[{"href":"https:\/\/staging.ivg.it\/ediapi\/wp\/v2\/media?parent=521524"}],"wp:term":[{"taxonomy":"category","embeddable":true,"href":"https:\/\/staging.ivg.it\/ediapi\/wp\/v2\/categories?post=521524"},{"taxonomy":"post_tag","embeddable":true,"href":"https:\/\/staging.ivg.it\/ediapi\/wp\/v2\/tags?post=521524"}],"curies":[{"name":"wp","href":"https:\/\/api.w.org\/{rel}","templated":true}]}}