{"id":521440,"date":"2021-03-23T16:05:38","date_gmt":"2021-03-23T15:05:38","guid":{"rendered":"http:\/\/www.ivg.it\/?p=521440"},"modified":"2021-03-23T16:06:25","modified_gmt":"2021-03-23T15:06:25","slug":"scudo-penale-personale-vaccinatore-tosi-m5s-discussione-prematura-serviva-approfondimento-giuridico","status":"publish","type":"post","link":"https:\/\/staging.ivg.it\/2021\/03\/scudo-penale-personale-vaccinatore-tosi-m5s-discussione-prematura-serviva-approfondimento-giuridico\/","title":{"rendered":"Scudo penale personale vaccinatore, Tosi (M5S): &#8220;Discussione prematura, serviva approfondimento giuridico&#8221;"},"content":{"rendered":"<p><strong>Liguria.<\/strong> &#8220;Surreale (per usare un vocabolo tanto caro a questa maggioranza) che oggi la Lega abbia voluto impegnare la Regione su una materia oltremodo complicata, su cui lo stesso Governo non ha ancora trovato la quadra: l&#8217;ordine del giorno per lo scudo penale per i medici vaccinatori e il personale sanitario non doveva passare senza un doveroso approfondimento giuridico nelle Commissioni competenti, sentite ad esempio le sigle sindacali degli avvocati&#8221;. \u00a0Lo dichiara, in una nota, il capogruppo regionale Fabio Tosi.<\/p>\n<p>&#8220;L&#8217;assemblea legislativa &#8211; spiega il consigliere &#8211; \u00e8 cos\u00ec entrata a gamba tesa su una questione che non \u00e8 di competenza regionale&#8221;.<\/p>\n<p>&#8220;Avevamo invitato le parti a rimandare la discussione, adottando tutte le precauzioni del caso. Come M5S ci siamo astenuti&#8221; conclude Tosi.<\/p>\n","protected":false},"excerpt":{"rendered":"<p>&#8220;Avevamo invitato le parti a rimandare la discussione, adottando tutte le precauzioni del caso. Come M5S ci siamo astenuti&#8221;<\/p>\n","protected":false},"author":17962,"featured_media":0,"comment_status":"open","ping_status":"closed","sticky":false,"template":"","format":"standard","meta":{"footnotes":""},"categories":[31],"tags":[],"class_list":["post-521440","post","type-post","status-publish","format-standard","hentry","category-politica"],"amp_validity":null,"amp_enabled":true,"_links":{"self":[{"href":"https:\/\/staging.ivg.it\/ediapi\/wp\/v2\/posts\/521440","targetHints":{"allow":["GET"]}}],"collection":[{"href":"https:\/\/staging.ivg.it\/ediapi\/wp\/v2\/posts"}],"about":[{"href":"https:\/\/staging.ivg.it\/ediapi\/wp\/v2\/types\/post"}],"author":[{"embeddable":true,"href":"https:\/\/staging.ivg.it\/ediapi\/wp\/v2\/users\/17962"}],"replies":[{"embeddable":true,"href":"https:\/\/staging.ivg.it\/ediapi\/wp\/v2\/comments?post=521440"}],"version-history":[{"count":0,"href":"https:\/\/staging.ivg.it\/ediapi\/wp\/v2\/posts\/521440\/revisions"}],"wp:attachment":[{"href":"https:\/\/staging.ivg.it\/ediapi\/wp\/v2\/media?parent=521440"}],"wp:term":[{"taxonomy":"category","embeddable":true,"href":"https:\/\/staging.ivg.it\/ediapi\/wp\/v2\/categories?post=521440"},{"taxonomy":"post_tag","embeddable":true,"href":"https:\/\/staging.ivg.it\/ediapi\/wp\/v2\/tags?post=521440"}],"curies":[{"name":"wp","href":"https:\/\/api.w.org\/{rel}","templated":true}]}}