{"id":521438,"date":"2021-03-23T15:55:59","date_gmt":"2021-03-23T14:55:59","guid":{"rendered":"http:\/\/www.ivg.it\/?p=521438"},"modified":"2021-03-23T16:12:20","modified_gmt":"2021-03-23T15:12:20","slug":"eccellenza-cairese-dalla-pro-savona-arriva-marc-tona","status":"publish","type":"post","link":"https:\/\/staging.ivg.it\/2021\/03\/eccellenza-cairese-dalla-pro-savona-arriva-marc-tona\/","title":{"rendered":"Eccellenza, Cairese: dalla Pro Savona arriva Marc Tona"},"content":{"rendered":"<p><strong>Cairo Montenotte<\/strong>. Dopo Manuele Macagno, la Cairese compie\u00a0<strong>un altro innesto per rinforzare la rosa a disposizione di mister Mario Benzi.<\/strong><\/p>\n<p><strong>Dalla Pro Savona, arriva il duttile classe 1998 Marc Tona<\/strong>. Prima di iniziare l\u2019avventura con gli striscioni, Tona <strong>ha militato nelle giovanili del Vado<\/strong>, diventando una pedina importante dello scacchiere rossobl\u00f9 <strong>anche in Serie D.<\/strong><\/p>\n<p>Le sue prime parole nell\u2019intervista rilasciata all\u2019area stampa dell&#8217;Asd Cairese 1919: &#8220;Il calore si sente fin dai primi momenti, quindi<strong> sono gi\u00e0 contento di essere qui<\/strong>. Sono stato<strong> sei anni a Vado in prima squadra,<\/strong> quindi prevalentemente devo tanto a quei colori. Quest&#8217;anno, per varie cause, <strong>ho sposato il progetto Savona.<\/strong> Devo ringraziare sia il Vado che il Savona se sono qua, perch\u00e9 <strong>mi hanno dato il permesso di poter giocare, visto che i campionati sono fermi.<\/strong> Ho sempre giocato contro la Cairese, ma appena \u00e8 arrivata la chiamata,<strong> il fascino di questa famiglia giallobl\u00f9 non si discute, quindi non ci ho pensato due volte<\/strong>&#8220;.<\/p>\n<p>&#8220;\u00c8 stata dura &#8211; prosegue Tona -, per\u00f2 alla fine, grazie al lavoro del Vado e del Savona sono qui e quindi<strong> speriamo di iniziare il prima possibile e che l&#8217;Eccellenza riparta.<\/strong> In questi sei anni penso di averli fatti un po&#8217; tutti i ruoli, per\u00f2 io nasco centrocampista, a due o a tre non \u00e8 un problema; negli anni ho fatto anche il terzino, da under ti mettono un po&#8217; in tutti i ruoli. L&#8217;anno scorso ho anche fatto un po&#8217; di presenze da difensore centrale in Serie D col Vado e quindi<strong> ovunque il mister avr\u00e0 bisogno posso garantire la mia prestazione e il mio impegno massimo. L&#8217;importante \u00e8 giocare<\/strong>&#8220;.<\/p>\n<p>&#8220;Tra i nuovi compagni, Alessi \u00e8 uno dei primi che mi ha chiamato &#8211; commenta l&#8217;ex vadese -. Col bomber avrei voluto giocarci molto prima, perch\u00e9 nonostante l&#8217;et\u00e0 che ha, l&#8217;ho conosciuto a 38\/39 anni, e attaccanti cos\u00ec in giro se ne trovano pochi. Quasi tutti gli altri li conoscevo, sia i ragazzi che quelli un po&#8217; pi\u00f9 anziani, perch\u00e9 tra chi ci ho giocato contro e chi insieme,<strong> il percorso di avvicinamento \u00e8 stato molto facile, perch\u00e9 bene o male tutti mi conoscevano e tanti li conoscevo gi\u00e0 anch&#8217;io, quindi \u00e8 stato facile integrarsi in questo gruppo<\/strong>&#8220;.<\/p>\n<div class=\"single-img-content-container fullwidth-single shortcode standard\">\n    <div class=\"image_container\" style=\"text-align: center;\">\n        <picture class=\" lazyload\"><img loading=\"lazy\" class=\"lazy\" data-srcset=\"https:\/\/www.ivg.it\/photogallery_new\/images\/2021\/03\/tona-674546.jpg 1024w, https:\/\/www.ivg.it\/photogallery_new\/images\/2021\/03\/tona-674546.jpg 970w, https:\/\/www.ivg.it\/photogallery_new\/images\/2021\/03\/tona-674546.jpg 660w, https:\/\/www.ivg.it\/photogallery_new\/images\/2021\/03\/tona-674546.jpg 316w, https:\/\/www.ivg.it\/photogallery_new\/images\/2021\/03\/tona-674546.jpg 150w\"  data-src=\"https:\/\/www.ivg.it\/photogallery_new\/images\/2021\/03\/tona-674546.jpg\" alt=\"tona\" \/><\/picture>\r\n\n    <\/div>\n    <\/div>\n\n<p>&#8220;<strong>Questo campionato sar\u00e0 un&#8217;incognita<\/strong> &#8211; sottolinea Marc -. Io l&#8217;ho fatto tanti anni col Vado e uno, l&#8217;ultimo, lo abbiamo anche vinto. Quindi so come sia difficile vincere un campionato del genere, perch\u00e9 comunque non ci sono favorite, tutti i campi sono ostici. Quindi<strong> quest&#8217;anno sar\u00e0 molto difficile capire come si potrebbe strutturare. Sicuramente chi sbaglier\u00e0 meno sar\u00e0 avvantaggiato<\/strong>, quindi mi aspetto colpi di scena. <strong>Potrebbe vincere davvero chiunque,<\/strong> perch\u00e9 basta un passo falso e mezzo e potrebbe costarti cara. Ci sar\u00e0 da divertirsi; \u00e8 ovvio,<strong> bisogna tenere massima concentrazione<\/strong>, perch\u00e9 ogni partita ti giochi il campionato&#8221;.<\/p>\n<p>&#8220;<strong>Mi auspico di fare il meglio possibile,<\/strong> per la societ\u00e0. In questi tre mesi sono della Cairese, quindi voglio onorare fino all&#8217;ultimo la chance che mi hanno dato il direttore, il mister, la societ\u00e0 di poter giocare di nuovo in Eccellenza. Quindi &#8211; conclude &#8211; <strong>io far\u00f2 il massimo fino alla fine, sperando di toglierci delle soddisfazioni e magari di portare la Cairese dove le spetta<\/strong>&#8220;.<\/p>\n","protected":false},"excerpt":{"rendered":"<p>&#8220;Il fascino di questa famiglia giallobl\u00f9 non si discute, quindi non ci ho pensato due volte&#8221;<\/p>\n","protected":false},"author":18,"featured_media":0,"comment_status":"open","ping_status":"closed","sticky":false,"template":"","format":"standard","meta":{"footnotes":""},"categories":[45296,182,32],"tags":[92941,85989,569],"class_list":["post-521438","post","type-post","status-publish","format-standard","hentry","category-copertina","category-calcio","category-sport","tag-asd-cairese-1919","tag-calcio","tag-eccellenza","post_cat_citta-cairo-montenotte","post_tag_personaggi-marc-tona"],"amp_validity":null,"amp_enabled":true,"_links":{"self":[{"href":"https:\/\/staging.ivg.it\/ediapi\/wp\/v2\/posts\/521438","targetHints":{"allow":["GET"]}}],"collection":[{"href":"https:\/\/staging.ivg.it\/ediapi\/wp\/v2\/posts"}],"about":[{"href":"https:\/\/staging.ivg.it\/ediapi\/wp\/v2\/types\/post"}],"author":[{"embeddable":true,"href":"https:\/\/staging.ivg.it\/ediapi\/wp\/v2\/users\/18"}],"replies":[{"embeddable":true,"href":"https:\/\/staging.ivg.it\/ediapi\/wp\/v2\/comments?post=521438"}],"version-history":[{"count":0,"href":"https:\/\/staging.ivg.it\/ediapi\/wp\/v2\/posts\/521438\/revisions"}],"wp:attachment":[{"href":"https:\/\/staging.ivg.it\/ediapi\/wp\/v2\/media?parent=521438"}],"wp:term":[{"taxonomy":"category","embeddable":true,"href":"https:\/\/staging.ivg.it\/ediapi\/wp\/v2\/categories?post=521438"},{"taxonomy":"post_tag","embeddable":true,"href":"https:\/\/staging.ivg.it\/ediapi\/wp\/v2\/tags?post=521438"}],"curies":[{"name":"wp","href":"https:\/\/api.w.org\/{rel}","templated":true}]}}