{"id":521391,"date":"2021-03-23T11:08:58","date_gmt":"2021-03-23T10:08:58","guid":{"rendered":"http:\/\/www.ivg.it\/?p=521391"},"modified":"2021-03-23T11:09:51","modified_gmt":"2021-03-23T10:09:51","slug":"t-li-soi-cosa-ra-fo-ra-caireis-la-puntata-del-22-marzo","status":"publish","type":"post","link":"https:\/\/staging.ivg.it\/2021\/03\/t-li-soi-cosa-ra-fo-ra-caireis-la-puntata-del-22-marzo\/","title":{"rendered":"\u2018t li soi cos\u2019a ra f\u00f2 ra Cair\u00e8is?, la puntata del 22 marzo"},"content":{"rendered":"<p><strong>Cairo Montenotte.<\/strong> \u00c8 andata in onda luned\u00ec 22 marzo la ventiduesima puntata di &#8216;<strong>t li so\u00ec cos\u2019a ra f\u00f2 ra Cair\u00e8is?,\u00a0<\/strong>appuntamento settimanale dedicato al mondo giallobl\u00f9, al calcio della Val Bormida e ai dilettanti della Liguria.<\/p>\n<p><iframe loading=\"lazy\" style=\"border: none; overflow: hidden;\" src=\"https:\/\/www.facebook.com\/plugins\/video.php?height=314&amp;href=https%3A%2F%2Fwww.facebook.com%2Fasdcairese1919%2Fvideos%2F779257002720700%2F&amp;show_text=false&amp;width=560\" width=\"560\" height=\"314\" frameborder=\"0\" scrolling=\"no\" allowfullscreen=\"allowfullscreen\"><\/iframe><\/p>\n<p>La serata \u00e8 stata incentrata sulla ripartenza dell\u2019Eccellenza, che ripartir\u00e0 domenica 11 aprile. Attenzione focalizzata sul modo in cui\u00a0<strong>tornare a svolgere attivit\u00e0 agonistica rischiando il meno possibile dopo uno stop senza precedenti.<\/strong>\u00a0A discuterne durante la serata sono stati\u00a0<strong>Manlio Venturino<\/strong>, medico sociale della Asd Cairese, e\u00a0<strong>Matteo Lecquio<\/strong>, fisioterapista della Asd Cairese. Per un focus sugli umori della squadra, era ospite il team manager\u00a0<strong>Andrea Formica<\/strong>. Ad inizio trasmissione \u00e8 intervenuto <strong>Andrea Costa<\/strong>, sottosegretario di Stato al Ministero della Salute.<\/p>\n","protected":false},"excerpt":{"rendered":"<p>Hanno partecipato Andrea Formica, Andrea Costa, Manlio Venturino, Matteo Lecquio<\/p>\n","protected":false},"author":18,"featured_media":0,"comment_status":"open","ping_status":"closed","sticky":false,"template":"","format":"standard","meta":{"footnotes":""},"categories":[182,32],"tags":[116325,92941,85989],"class_list":["post-521391","post","type-post","status-publish","format-standard","hentry","category-calcio","category-sport","tag-t-li-soi-cosa-ra-fo-ra-caireis","tag-asd-cairese-1919","tag-calcio","post_cat_citta-cairo-montenotte","post_tag_personaggi-andrea-costa","post_tag_personaggi-andrea-formica","post_tag_personaggi-manlio-venturino","post_tag_personaggi-matteo-lecquio"],"amp_validity":null,"amp_enabled":true,"_links":{"self":[{"href":"https:\/\/staging.ivg.it\/ediapi\/wp\/v2\/posts\/521391","targetHints":{"allow":["GET"]}}],"collection":[{"href":"https:\/\/staging.ivg.it\/ediapi\/wp\/v2\/posts"}],"about":[{"href":"https:\/\/staging.ivg.it\/ediapi\/wp\/v2\/types\/post"}],"author":[{"embeddable":true,"href":"https:\/\/staging.ivg.it\/ediapi\/wp\/v2\/users\/18"}],"replies":[{"embeddable":true,"href":"https:\/\/staging.ivg.it\/ediapi\/wp\/v2\/comments?post=521391"}],"version-history":[{"count":0,"href":"https:\/\/staging.ivg.it\/ediapi\/wp\/v2\/posts\/521391\/revisions"}],"wp:attachment":[{"href":"https:\/\/staging.ivg.it\/ediapi\/wp\/v2\/media?parent=521391"}],"wp:term":[{"taxonomy":"category","embeddable":true,"href":"https:\/\/staging.ivg.it\/ediapi\/wp\/v2\/categories?post=521391"},{"taxonomy":"post_tag","embeddable":true,"href":"https:\/\/staging.ivg.it\/ediapi\/wp\/v2\/tags?post=521391"}],"curies":[{"name":"wp","href":"https:\/\/api.w.org\/{rel}","templated":true}]}}