{"id":521353,"date":"2021-03-22T18:50:47","date_gmt":"2021-03-22T17:50:47","guid":{"rendered":"http:\/\/www.ivg.it\/?p=521353"},"modified":"2021-03-22T18:50:47","modified_gmt":"2021-03-22T17:50:47","slug":"covid-domani-ad-alassio-si-riprende-a-vaccinare-prenotati-40-pazienti","status":"publish","type":"post","link":"https:\/\/staging.ivg.it\/2021\/03\/covid-domani-ad-alassio-si-riprende-a-vaccinare-prenotati-40-pazienti\/","title":{"rendered":"Covid, domani ad Alassio si riprende a vaccinare: prenotati 40 pazienti"},"content":{"rendered":"<p><strong>Alassio<\/strong>. Saranno 40 i pazienti che domani riceveranno dai Medici di Medicina Generale organizzati presso il centro Alassio Salute il vaccino Astrazeneca.<\/p>\n<p>&#8220;Da domani, inoltre &#8211; aggiunge il Francesco Bogliolo, direttore del centro &#8211; sar\u00e0 possibile aprire alle prenotazioni anche la categoria tra i 75 ed i 79 anni, mentre dal 29 marzo la categoria tra i 70 ed i 74 anni. Nessuna variazioni sulle altre categorie ammesse a queste prime vaccinazioni, ovvero personale scolastico, volontari di protezione civile e agenti di polizia municipale&#8221;<\/p>\n<p>&#8220;Abbiamo provveduto ad allertare nuovamente la protezione civile &#8211; aggiunge l&#8217;assessore Franca Giannotta &#8211; perch\u00e8 funga da supporto ai medici durante le operazioni. Saranno all&#8217;accoglienza per misurare la febbre, li accompagneranno nella tenda e, dopo la somministrazione del farmaco, nella sala relax&#8221;.<\/p>\n<p>&#8220;Il sistema &#8211; conclude Fabio Macheda &#8211; gi\u00e0 positivamente collaudato la scorsa settimana \u00e8 in grado, compatibilmente con la disponibilit\u00e0 del farmaco, di garantire efficienza e numeri anche pi\u00f9 elevati&#8221;.\u200b<\/p>\n","protected":false},"excerpt":{"rendered":"<p>Sar\u00e0 anche possibile aprire le prenotazioni per la categoria tra i 75 ed i 79 anni<\/p>\n","protected":false},"author":18838,"featured_media":0,"comment_status":"open","ping_status":"closed","sticky":false,"template":"","format":"standard","meta":{"footnotes":""},"categories":[45296,34],"tags":[117863],"class_list":["post-521353","post","type-post","status-publish","format-standard","hentry","category-copertina","category-cronaca","tag-astrazeneca","post_cat_citta-alassio"],"amp_validity":null,"amp_enabled":true,"_links":{"self":[{"href":"https:\/\/staging.ivg.it\/ediapi\/wp\/v2\/posts\/521353","targetHints":{"allow":["GET"]}}],"collection":[{"href":"https:\/\/staging.ivg.it\/ediapi\/wp\/v2\/posts"}],"about":[{"href":"https:\/\/staging.ivg.it\/ediapi\/wp\/v2\/types\/post"}],"author":[{"embeddable":true,"href":"https:\/\/staging.ivg.it\/ediapi\/wp\/v2\/users\/18838"}],"replies":[{"embeddable":true,"href":"https:\/\/staging.ivg.it\/ediapi\/wp\/v2\/comments?post=521353"}],"version-history":[{"count":0,"href":"https:\/\/staging.ivg.it\/ediapi\/wp\/v2\/posts\/521353\/revisions"}],"wp:attachment":[{"href":"https:\/\/staging.ivg.it\/ediapi\/wp\/v2\/media?parent=521353"}],"wp:term":[{"taxonomy":"category","embeddable":true,"href":"https:\/\/staging.ivg.it\/ediapi\/wp\/v2\/categories?post=521353"},{"taxonomy":"post_tag","embeddable":true,"href":"https:\/\/staging.ivg.it\/ediapi\/wp\/v2\/tags?post=521353"}],"curies":[{"name":"wp","href":"https:\/\/api.w.org\/{rel}","templated":true}]}}