{"id":520690,"date":"2021-03-14T21:12:14","date_gmt":"2021-03-14T20:12:14","guid":{"rendered":"http:\/\/www.ivg.it\/?p=520690"},"modified":"2021-03-14T21:13:08","modified_gmt":"2021-03-14T20:13:08","slug":"calcio-giovanile-sorprese-in-arrivo-per-lunder-17","status":"publish","type":"post","link":"https:\/\/staging.ivg.it\/2021\/03\/calcio-giovanile-sorprese-in-arrivo-per-lunder-17\/","title":{"rendered":"Calcio giovanile: sorprese in arrivo per l&#8217;Under 17"},"content":{"rendered":"<p>Anche se l&#8217;emergenza Covid continua a rendere impossibile lo stabilire una data per la ripartenza dei campionati nazionali giovanili si sono giocate nello scorso fine settimana<strong> diverse gare test match<\/strong> per quanto riguarda i nazionali, in attesa di poter finalmente riprendere i campionati ufficiali.<\/p>\n<p>Nel dettaglio, ecco alcuni dei risultati maturati:<br \/>\nAlbinoLeffe &#8211; Giana Erminio 1-1<br \/>\nEmpoli &#8211; Lazio 1-0<br \/>\nNapoli &#8211; Turris 3-0<br \/>\nParma &#8211; Carpi 6-1<br \/>\nSassuolo &#8211; Bologna 3-5<br \/>\nSpal &#8211; Juventus 2-3<br \/>\nSpezia &#8211; Sampdoria 4-1<br \/>\nVenezia &#8211; Roma 0-4<br \/>\nVirtus Entella &#8211; Torino 0-2<\/p>\n<p>Per il momento per\u00f2 la FIGC ha prorogato ancora la possibilit\u00e0 di organizzare i test match fino all&#8217;11 aprile per le categorie Under 15 e Under 16 e fino al 7 aprile per la categoria Under 17.<\/p>\n<p>Per l&#8217;Under 17, questa \u00e8 senz&#8217;altro un lieta notizia, si sta valutando un nuovo format per <strong>concedere ai ragazzi di disputare circa due mesi di attivit\u00e0 a partire da met\u00e0 aprile fine a met\u00e0 giugno.<\/strong> Il nuovo format consisterebbe nella cancellazione dei Gironi A,B,C, per lasciare spazio ad una sorta di mini torneo formato da 8 gironi da 5 squadre ciascuno.<\/p>\n<p>La formula prevederebbe inoltre gare di andata e ritorno pi\u00f9 eventuali final eight tra le prime di ogni girone. Si tratta per adesso solo di un&#8217;ipotesi che andr\u00e0 sviluppata e organizzata in base all&#8217;evolversi dell&#8217;emergenza sanitaria. Ma di certo \u00e8 gi\u00e0 un bel segnale.<\/p>\n","protected":false},"excerpt":{"rendered":"<p>Lo speciale del Ct Vaniglia<\/p>\n","protected":false},"author":18,"featured_media":0,"comment_status":"open","ping_status":"closed","sticky":false,"template":"","format":"standard","meta":{"footnotes":""},"categories":[182,32],"tags":[85989],"class_list":["post-520690","post","type-post","status-publish","format-standard","hentry","category-calcio","category-sport","tag-calcio"],"amp_validity":null,"amp_enabled":true,"_links":{"self":[{"href":"https:\/\/staging.ivg.it\/ediapi\/wp\/v2\/posts\/520690","targetHints":{"allow":["GET"]}}],"collection":[{"href":"https:\/\/staging.ivg.it\/ediapi\/wp\/v2\/posts"}],"about":[{"href":"https:\/\/staging.ivg.it\/ediapi\/wp\/v2\/types\/post"}],"author":[{"embeddable":true,"href":"https:\/\/staging.ivg.it\/ediapi\/wp\/v2\/users\/18"}],"replies":[{"embeddable":true,"href":"https:\/\/staging.ivg.it\/ediapi\/wp\/v2\/comments?post=520690"}],"version-history":[{"count":0,"href":"https:\/\/staging.ivg.it\/ediapi\/wp\/v2\/posts\/520690\/revisions"}],"wp:attachment":[{"href":"https:\/\/staging.ivg.it\/ediapi\/wp\/v2\/media?parent=520690"}],"wp:term":[{"taxonomy":"category","embeddable":true,"href":"https:\/\/staging.ivg.it\/ediapi\/wp\/v2\/categories?post=520690"},{"taxonomy":"post_tag","embeddable":true,"href":"https:\/\/staging.ivg.it\/ediapi\/wp\/v2\/tags?post=520690"}],"curies":[{"name":"wp","href":"https:\/\/api.w.org\/{rel}","templated":true}]}}