{"id":520688,"date":"2021-03-14T21:09:14","date_gmt":"2021-03-14T20:09:14","guid":{"rendered":"http:\/\/www.ivg.it\/?p=520688"},"modified":"2021-03-14T21:09:14","modified_gmt":"2021-03-14T20:09:14","slug":"pallavolo-carcare-inizio-positivo-ma-sconfitta-senza-ottenere-punti-contro-bosca-cuneo","status":"publish","type":"post","link":"https:\/\/staging.ivg.it\/2021\/03\/pallavolo-carcare-inizio-positivo-ma-sconfitta-senza-ottenere-punti-contro-bosca-cuneo\/","title":{"rendered":"Pallavolo Carcare, inizio positivo ma sconfitta senza ottenere punti contro Bosca Cuneo"},"content":{"rendered":"<p>Classifica corta e umore sulle montagne russe. <strong>La Pallavolo Carcare perde 3 a 1 contro Bosca Ubi Banca Cuneo e si ritrova al quarto posto in classifica, potenzialmente penultima se Alba Volley Cuneo superasse la stessa Bosca nella gara da recuperare.<\/strong><\/p>\n<p><strong>Primo parziale positivo per le valligiane, vittoriose 25 a 18. Gli altri tre set sono per\u00f2 di marca piemontese: 25-19, 25-23, 25-20 i punteggi grazie ai quali il fanalino di coda della classifica accorcia sulle squadre che la precedono.<\/strong><\/p>\n<p>Andando oltre l&#8217;infausto sabato a livello di risultati sportivi, prima della gara il primo cittadino di Carcare <strong>Christian De Vecchi<\/strong> ha elogiato il lavoro del sodalizio biancorosso attraverso un post su Facebook:\u00a0<em> &#8220;Simbolo della forza ottimista di mandare avanti &#8220;le cose&#8221; nonostante i momenti di difficolt\u00e0. <strong>Simbolo della determinazione di una Societ\u00e0 Sportiva che si \u00e8 attivata per regolarizzare le manifestazioni secondo i protocolli richiesti dalle federazioni.<\/strong> Simbolo di una struttura sportiva, al servizio della nostra comunit\u00e0 cittadina, scuole e associazioni sportive in primis, capace di rinnovarsi e mantenersi sempre al passo dei cambiamenti&#8221;<\/em>.<\/p>\n","protected":false},"excerpt":{"rendered":"<p>Classifica corta e umore sulle montagne russe. La Pallavolo Carcare perde 3 a 1 contro Bosca Ubi Banca Cuneo e si ritrova al quarto posto in classifica, potenzialmente penultima se Alba Volley Cuneo superasse la stessa Bosca nella gara da recuperare. Primo parziale positivo per le valligiane, vittoriose 25 a 18. Gli altri tre set [&hellip;]<\/p>\n","protected":false},"author":19664,"featured_media":0,"comment_status":"open","ping_status":"closed","sticky":false,"template":"","format":"standard","meta":{"footnotes":""},"categories":[45296,399,134,32],"tags":[11886],"class_list":["post-520688","post","type-post","status-publish","format-standard","hentry","category-copertina","category-pallavolo","category-rank","category-sport","tag-pallavolo-carcare","post_cat_citta-carcare","post_tag_personaggi-christian-de-vecchi"],"amp_validity":null,"amp_enabled":true,"_links":{"self":[{"href":"https:\/\/staging.ivg.it\/ediapi\/wp\/v2\/posts\/520688","targetHints":{"allow":["GET"]}}],"collection":[{"href":"https:\/\/staging.ivg.it\/ediapi\/wp\/v2\/posts"}],"about":[{"href":"https:\/\/staging.ivg.it\/ediapi\/wp\/v2\/types\/post"}],"author":[{"embeddable":true,"href":"https:\/\/staging.ivg.it\/ediapi\/wp\/v2\/users\/19664"}],"replies":[{"embeddable":true,"href":"https:\/\/staging.ivg.it\/ediapi\/wp\/v2\/comments?post=520688"}],"version-history":[{"count":0,"href":"https:\/\/staging.ivg.it\/ediapi\/wp\/v2\/posts\/520688\/revisions"}],"wp:attachment":[{"href":"https:\/\/staging.ivg.it\/ediapi\/wp\/v2\/media?parent=520688"}],"wp:term":[{"taxonomy":"category","embeddable":true,"href":"https:\/\/staging.ivg.it\/ediapi\/wp\/v2\/categories?post=520688"},{"taxonomy":"post_tag","embeddable":true,"href":"https:\/\/staging.ivg.it\/ediapi\/wp\/v2\/tags?post=520688"}],"curies":[{"name":"wp","href":"https:\/\/api.w.org\/{rel}","templated":true}]}}