{"id":520635,"date":"2021-03-13T21:25:25","date_gmt":"2021-03-13T20:25:25","guid":{"rendered":"http:\/\/www.ivg.it\/?p=520635"},"modified":"2021-03-13T21:25:56","modified_gmt":"2021-03-13T20:25:56","slug":"eccellenza-ce-la-prima-rinuncia-il-canaletto-non-continuera","status":"publish","type":"post","link":"https:\/\/staging.ivg.it\/2021\/03\/eccellenza-ce-la-prima-rinuncia-il-canaletto-non-continuera\/","title":{"rendered":"Eccellenza, c&#8217;\u00e8 la prima rinuncia: il Canaletto non continuer\u00e0"},"content":{"rendered":"<p><strong>Albenga.<\/strong> <strong>L&#8217;Usd Canaletto Sepor<\/strong>, avvalendosi della facolt\u00e0 concessa dalla Federazione, <strong>ha deciso di non continuare il campionato di Eccellenza nella corrente stagione.<\/strong><\/p>\n<p>&#8220;<strong>\u00c8\u00a0stata una decisione sofferta dal punto di vista umano e sportivo<\/strong> &#8211; afferma il direttore generale<strong> Fabrizio Vaccarini<\/strong> &#8211; per le aspettative che tutti avevano riposto in questa categoria, conseguita per la prima volta dalla nostra societ\u00e0&#8221;.<\/p>\n<p>&#8220;\u00c8 prevalsa la meditata e responsabile consapevolezza della pesante situazione nella quale tutti ci troviamo, a causa dell&#8217;emergenza pandemica &#8211; continua <strong>Vaccarini<\/strong> &#8211;<strong> non riteniamo di \u00a0dover esporre dei giocatori dilettanti ai rischi per loro e per le rispettive famiglie che uno sport di contatto comporta&#8221;.<\/strong><\/p>\n<p><strong>&#8220;Ci conforta il fatto che la nostra decisione non ci vede isolati n\u00e9 a livello regionale n\u00e9 nazionale<\/strong> &#8211; conclude <strong>Vaccarini<\/strong> &#8211; <strong>il senso di responsabilit\u00e0 deve prevalere \u00a0sulla passione<\/strong>, che \u00e8 sempre forte e che speriamo di poter ricominciare a coltivare. Quando la situazione migliorer\u00e0 e lo permetter\u00e0 ci faremo trovare pronti con tutti i nostri ragazzi e <strong>riprendere un cammino fatto di seriet\u00e0, passione, sportivit\u00e0, amicizia e condivisione di valori importanti<\/strong>. Grazie a tutti&#8221;.<\/p>\n<p><em>Nella foto:<\/em>\u00a0mister Massimo\u00a0Plicanti\u00a0e\u00a0 la presidente Sabrina\u00a0Benassi<\/p>\n","protected":false},"excerpt":{"rendered":"<p>\u00c8 prevalsa la meditata consapevolezza di salvaguardare i giocatori e i loro familiari dai rischi Covid<\/p>\n","protected":false},"author":11482,"featured_media":0,"comment_status":"open","ping_status":"closed","sticky":false,"template":"","format":"standard","meta":{"footnotes":""},"categories":[182,32],"tags":[85989,569],"class_list":["post-520635","post","type-post","status-publish","format-standard","hentry","category-calcio","category-sport","tag-calcio","tag-eccellenza"],"amp_validity":null,"amp_enabled":true,"_links":{"self":[{"href":"https:\/\/staging.ivg.it\/ediapi\/wp\/v2\/posts\/520635","targetHints":{"allow":["GET"]}}],"collection":[{"href":"https:\/\/staging.ivg.it\/ediapi\/wp\/v2\/posts"}],"about":[{"href":"https:\/\/staging.ivg.it\/ediapi\/wp\/v2\/types\/post"}],"author":[{"embeddable":true,"href":"https:\/\/staging.ivg.it\/ediapi\/wp\/v2\/users\/11482"}],"replies":[{"embeddable":true,"href":"https:\/\/staging.ivg.it\/ediapi\/wp\/v2\/comments?post=520635"}],"version-history":[{"count":0,"href":"https:\/\/staging.ivg.it\/ediapi\/wp\/v2\/posts\/520635\/revisions"}],"wp:attachment":[{"href":"https:\/\/staging.ivg.it\/ediapi\/wp\/v2\/media?parent=520635"}],"wp:term":[{"taxonomy":"category","embeddable":true,"href":"https:\/\/staging.ivg.it\/ediapi\/wp\/v2\/categories?post=520635"},{"taxonomy":"post_tag","embeddable":true,"href":"https:\/\/staging.ivg.it\/ediapi\/wp\/v2\/tags?post=520635"}],"curies":[{"name":"wp","href":"https:\/\/api.w.org\/{rel}","templated":true}]}}