{"id":52059,"date":"2009-03-05T12:16:10","date_gmt":"2009-03-05T11:16:10","guid":{"rendered":"http:\/\/www.ivg.it\/2009\/03\/05\/savona-ciclo-di-conferenze-sul-tema-made-in-africa-il-commercio-equo-e-le-sfide-di-un-continente\/"},"modified":"2009-03-05T12:16:10","modified_gmt":"2009-03-05T11:16:10","slug":"savona-ciclo-di-conferenze-sul-tema-made-in-africa-il-commercio-equo-e-le-sfide-di-un-continente","status":"publish","type":"post","link":"https:\/\/staging.ivg.it\/2009\/03\/savona-ciclo-di-conferenze-sul-tema-made-in-africa-il-commercio-equo-e-le-sfide-di-un-continente\/","title":{"rendered":"Savona, ciclo di conferenze sul tema &#8220;Made in Africa. Il commercio equo e le sfide di un continente&#8221;"},"content":{"rendered":"<p><strong>[thumb:7124:l]Savona. <\/strong>Prender\u00e0 il via questa sera, gioved\u00ec 5 marzo, alle ore 20,45, il ciclo di sei incontri, organizzati dalla &#8220;Bottega della solidariet\u00e0&#8221; di Savona, dal titolo &#8220;Made in Africa. Il commercio equo e le sfide di un continente&#8221;, che si propone di essere un momento di incontro per i soci, i volontari e gli amici della cooperativa. Gli appuntamenti si svolgeranno presso la &#8220;Cantina Teatrale&#8221; dei Cattivi Maestri, in via Quarda Inferiore a Savona.<\/p>\n<p>Questo il calendario degli eventi. Si partir\u00e0 il 5 marzo con &#8220;Racconti africani: Togo e Madagascar&#8221;, quando Sara De Rosa e Zita Ciangherotti racconteranno le loro esperienze nei progetti a cui hanno preso parte. Si proseguir\u00e0 poi il 19 marzo con &#8220;Mozambico: tra arte, cultura e storia&#8221;, il 26 marzo con &#8220;Sguardi all&#8217;Africa&#8221;, il 16 aprile con &#8220;Amahoro: artigiani di pace in Rwanda&#8221;, il 30 aprile con &#8220;Voci d&#8217;Africa&#8221; e, infine, con &#8220;Noi con l&#8217;Africa&#8221;.<\/p>\n","protected":false},"excerpt":{"rendered":"<p>[thumb:7124:l]Savona. Prender\u00e0 il via questa sera, gioved\u00ec 5 marzo, alle ore 20,45, il ciclo di sei incontri, organizzati dalla &#8220;Bottega della solidariet\u00e0&#8221; di Savona, dal titolo &#8220;Made in Africa. Il commercio equo e le sfide di un continente&#8221;, che si propone di essere un momento di incontro per i soci, i volontari e gli amici [&hellip;]<\/p>\n","protected":false},"author":1385,"featured_media":0,"comment_status":"open","ping_status":"closed","sticky":false,"template":"","format":"standard","meta":{"footnotes":""},"categories":[56],"tags":[3324,7163,85850],"class_list":["post-52059","post","type-post","status-publish","format-standard","hentry","category-altre","tag-bottega-solidarieta","tag-conferenze","tag-savona","post_cat_citta-savona"],"amp_validity":null,"amp_enabled":true,"_links":{"self":[{"href":"https:\/\/staging.ivg.it\/ediapi\/wp\/v2\/posts\/52059","targetHints":{"allow":["GET"]}}],"collection":[{"href":"https:\/\/staging.ivg.it\/ediapi\/wp\/v2\/posts"}],"about":[{"href":"https:\/\/staging.ivg.it\/ediapi\/wp\/v2\/types\/post"}],"author":[{"embeddable":true,"href":"https:\/\/staging.ivg.it\/ediapi\/wp\/v2\/users\/1385"}],"replies":[{"embeddable":true,"href":"https:\/\/staging.ivg.it\/ediapi\/wp\/v2\/comments?post=52059"}],"version-history":[{"count":0,"href":"https:\/\/staging.ivg.it\/ediapi\/wp\/v2\/posts\/52059\/revisions"}],"wp:attachment":[{"href":"https:\/\/staging.ivg.it\/ediapi\/wp\/v2\/media?parent=52059"}],"wp:term":[{"taxonomy":"category","embeddable":true,"href":"https:\/\/staging.ivg.it\/ediapi\/wp\/v2\/categories?post=52059"},{"taxonomy":"post_tag","embeddable":true,"href":"https:\/\/staging.ivg.it\/ediapi\/wp\/v2\/tags?post=52059"}],"curies":[{"name":"wp","href":"https:\/\/api.w.org\/{rel}","templated":true}]}}