{"id":52048,"date":"2009-03-05T11:30:57","date_gmt":"2009-03-05T10:30:57","guid":{"rendered":"http:\/\/www.ivg.it\/2009\/03\/05\/pietra-ligure-sport-e-immagine-turistica-vanno-in-onda-su-25-tv\/"},"modified":"2009-03-06T08:19:01","modified_gmt":"2009-03-06T07:19:01","slug":"pietra-ligure-sport-e-immagine-turistica-vanno-in-onda-su-25-tv","status":"publish","type":"post","link":"https:\/\/staging.ivg.it\/2009\/03\/pietra-ligure-sport-e-immagine-turistica-vanno-in-onda-su-25-tv\/","title":{"rendered":"Pietra Ligure, sport e immagine turistica vanno in onda su 25 tv"},"content":{"rendered":"<p><strong>[thumb:1690:l]Pietra Ligure<\/strong>. La sesta edizione del Giro Ciclistico Amatoriale di Pietra Ligure esce dai confini provinciali ed approda sugli schermi televisivi italiani, attraverso la trasmissione nazionale di ciclismo &#8220;Sportwinner&#8221;, in onda sul canale satellitare Sky 932 Carpe Diem, su 25 tv locali e anche su Internet.<\/p>\n<p>Una vetrina d&#8217;eccezione per la tre giorni di ciclismo amatoriale, che getta le basi per il futuro, attraverso un progetto che unisce lo sport ed il turismo, alla televisione e web, per far conoscere alle migliaia di appassionati del pedale in tutta Italia, sia la manifestazione sportiva che la cittadina di Pietra Ligure.<\/p>\n<p>In occasione dell&#8217;evento sportivo, le telecamere di Sportwinner dirette dal regista Fabrizio Gulmini hanno ripreso le fasi principali della corsa, che saranno trasmesse a partire da gioved\u00ec 5 Marzo per due puntate consecutive della trasmissione, sulle emittenti del circuito nazionale Telestudio 8, visibile attraverso il canale &#8220;in chiaro&#8221; Sky 932, e in diverse regioni d&#8217;Italia sulle emittenti locali della Lombardia, Piemonte, Liguria, Valle d&#8217;Aosta, Veneto, Emilia Romagna, Toscana, Lazio, Umbria e Marche, oltre che in Svizzera.<\/p>\n<p>Nel corso della prima puntata, oltre alla gara, ampio spazio sar\u00e0 dato alla &#8220;cartolina video&#8221; di Pietra Ligure della durata di ben sette minuti. Le bellezze e gli angoli pi\u00f9 suggestivi della citt\u00e0 sono raccontati dal sindaco Luigi De Vincenzi durante l&#8217;intervista,  mentre la parte tecnico-sportiva \u00e8 stata gestita dall&#8217;assessore allo sport Rino Cassanello.<\/p>\n<p>Complessivamente saranno un centinaio i passaggi televisivi riservati alla corsa con tanto di &#8220;spot turistico&#8221;, grazie al palinsesto del circuito differenziato nei giorni ed orari, cos\u00ec da poter raggiungere il pi\u00f9 alto numero di telespettatori. Ma non sar\u00e0 solo la tv a trasmettere i due speciali della durata complessiva di trenta minuti, ma anche il web, attraverso i siti collegati alla trasmissione Sportwinner.<\/p>\n<p>L&#8217;iniziativa \u00e8 stata condotta dall&#8217;Associazione Albergatori di Pietra ligure. &#8220;Programma dell&#8217;associazione albergatori &#8211; dice il presidente Alberto Orso &#8211; \u00e8 di mettere sotto un unico tetto lo sport ed il turismo e farli interagire tra loro a vantaggio del prodotto Pietra ligure&#8221;. Aggiunge il vice presidente Giuseppe Casella, ideatore del progetto: &#8220;Cavalcare l&#8217;onda degli eventi sportivi di rilievo integrati e supportati da una programmata ed intensa attivit\u00e0 promozionale-pubblicitaria potr\u00e0 portare il nome della citt\u00e0 oltre i confini liguri e creare importanti flussi turistici in particolar modo nei periodi di bassa stagione a vantaggio di tutte le attivit\u00e0 economiche&#8221;.<\/p>\n","protected":false},"excerpt":{"rendered":"<p>[thumb:1690:l]Pietra Ligure. La sesta edizione del Giro Ciclistico Amatoriale di Pietra Ligure esce dai confini provinciali ed approda sugli schermi televisivi italiani, attraverso la trasmissione nazionale di ciclismo &#8220;Sportwinner&#8221;, in onda sul canale satellitare Sky 932 Carpe Diem, su 25 tv locali e anche su Internet. Una vetrina d&#8217;eccezione per la tre giorni di ciclismo [&hellip;]<\/p>\n","protected":false},"author":13744,"featured_media":0,"comment_status":"open","ping_status":"closed","sticky":false,"template":"","format":"standard","meta":{"footnotes":""},"categories":[32],"tags":[466,6831,515,1307,7327,85834,7328,2354,107,987,141],"class_list":["post-52048","post","type-post","status-publish","format-standard","hentry","category-sport","tag-albergatori","tag-apa","tag-ciclismo","tag-luigi-de-vincenzi","tag-sky","tag-sport","tag-spot","tag-trasmissione","tag-turismo","tag-tv","tag-video","post_cat_citta-pietra-ligure"],"amp_validity":null,"amp_enabled":true,"_links":{"self":[{"href":"https:\/\/staging.ivg.it\/ediapi\/wp\/v2\/posts\/52048","targetHints":{"allow":["GET"]}}],"collection":[{"href":"https:\/\/staging.ivg.it\/ediapi\/wp\/v2\/posts"}],"about":[{"href":"https:\/\/staging.ivg.it\/ediapi\/wp\/v2\/types\/post"}],"author":[{"embeddable":true,"href":"https:\/\/staging.ivg.it\/ediapi\/wp\/v2\/users\/13744"}],"replies":[{"embeddable":true,"href":"https:\/\/staging.ivg.it\/ediapi\/wp\/v2\/comments?post=52048"}],"version-history":[{"count":0,"href":"https:\/\/staging.ivg.it\/ediapi\/wp\/v2\/posts\/52048\/revisions"}],"wp:attachment":[{"href":"https:\/\/staging.ivg.it\/ediapi\/wp\/v2\/media?parent=52048"}],"wp:term":[{"taxonomy":"category","embeddable":true,"href":"https:\/\/staging.ivg.it\/ediapi\/wp\/v2\/categories?post=52048"},{"taxonomy":"post_tag","embeddable":true,"href":"https:\/\/staging.ivg.it\/ediapi\/wp\/v2\/tags?post=52048"}],"curies":[{"name":"wp","href":"https:\/\/api.w.org\/{rel}","templated":true}]}}