{"id":520076,"date":"2021-03-06T14:07:58","date_gmt":"2021-03-06T13:07:58","guid":{"rendered":"http:\/\/www.ivg.it\/?p=520076"},"modified":"2021-03-06T19:36:05","modified_gmt":"2021-03-06T18:36:05","slug":"albisola-celebra-le-donne-con-il-documentario-senza-tempo-la-storia-e-scritta-a-rossetto","status":"publish","type":"post","link":"https:\/\/staging.ivg.it\/2021\/03\/albisola-celebra-le-donne-con-il-documentario-senza-tempo-la-storia-e-scritta-a-rossetto\/","title":{"rendered":"Albisola celebra le donne con il documentario &#8220;Senza tempo. La storia \u00e8 scritta a rossetto\u201d"},"content":{"rendered":"<p><strong>Albisola Superiore.<\/strong> Domenica 7 marzo alle ore 21 sulla pagina Facebook \u201cAlbisola Informa\u201d la proiezione del documentario \u201cSenza tempo. La storia \u00e8 scritta a rossetto\u201d, un evento social organizzato dall\u2019assessorato alla Cultura, su proposta della consigliera alle pari opportunit\u00e0 e alle politiche giovanili Chiara D&#8217;Angelo, per celebrare la festa della donna.<\/p>\n<p>&#8220;Il suggestivo borgo di Ellera con il suo tipico paesaggio, i caratteristici scorci e l&#8217;arte \u00e8 stato scelto come set per realizzare il documentario, un interessante video che &#8211; attraverso la ricerca dei costumi del passato e il make up &#8211; ripercorre alcune vicende della storia dell&#8217;universo femminile\u201d spiega l\u2019assessore alla Cultura, Simona Poggi.<\/p>\n<p>\u201cLa scelta da parte di Confartigianato, tramite l&#8217;attivit\u00e0 di Marzia Pistacchio, di ambientare il documentario a Ellera \u00e8 un motivo di orgoglio &#8211; prosegue &#8211; L\u2019assessorato alla Cultura ha immediatamente accolto questa iniziativa facendosi promotrice della sua divulgazione attraverso i canali di comunicazione\u201d.<\/p>\n<p>Protagonista della storia \u00e8 Futura, una donna che attraverser\u00e0 una polverosa soffitta in un viaggio rutilante e roccambolesco, attraverso la memoria e il tempo. Vivr\u00e0, con gli occhi innocenti della giovinezza, momenti storici come la marcia su Roma, il primo voto alle donne e le bombe negli anni di piombo, il tutto arricchito dall&#8217;intervento di una vera star del settore: il maestro Stefano Anselmo.<\/p>\n<p>Il documentario \u00e8 stato realizzato dal Corso Truccatore dello Spettacolo di Futura Centro Formativo Confartigianato Savona e deriva dal cambio di rotta che il corso ha dovuto prendere per venire incontro alle difficolt\u00e0 causate dalla pandemia. \u00c8 stato sceneggiato e diretto dai ragazzi, guidati dai docenti Amoroso, Molinaro e Pistacchio.<\/p>\n<p>&#8220;Senza Tempo. La storia \u00e8 scritta a rossetto&#8221; offre, quindi, una particolarissima visione che non solo appaga gli occhi per la grande ricerca di trucco, abiti e acconciature, ma riaccende i ricordi sui piccoli passi che hanno portato le donne alla consapevolezza dell&#8217;oggi.<\/p>\n","protected":false},"excerpt":{"rendered":"<p>Sar\u00e0 proiettato online. Il video ripercorre le vicende pi\u00f9 importanti della storia dell&#8217;universo femminile <\/p>\n","protected":false},"author":19447,"featured_media":0,"comment_status":"open","ping_status":"closed","sticky":false,"template":"","format":"standard","meta":{"footnotes":""},"categories":[45296,56],"tags":[7216,118182],"class_list":["post-520076","post","type-post","status-publish","format-standard","hentry","category-copertina","category-altre","tag-festa-della-donna","tag-giornata-internazionale-donna","post_cat_citta-albisola-superiore","post_tag_personaggi-simona-poggi"],"amp_validity":null,"amp_enabled":true,"_links":{"self":[{"href":"https:\/\/staging.ivg.it\/ediapi\/wp\/v2\/posts\/520076","targetHints":{"allow":["GET"]}}],"collection":[{"href":"https:\/\/staging.ivg.it\/ediapi\/wp\/v2\/posts"}],"about":[{"href":"https:\/\/staging.ivg.it\/ediapi\/wp\/v2\/types\/post"}],"author":[{"embeddable":true,"href":"https:\/\/staging.ivg.it\/ediapi\/wp\/v2\/users\/19447"}],"replies":[{"embeddable":true,"href":"https:\/\/staging.ivg.it\/ediapi\/wp\/v2\/comments?post=520076"}],"version-history":[{"count":0,"href":"https:\/\/staging.ivg.it\/ediapi\/wp\/v2\/posts\/520076\/revisions"}],"wp:attachment":[{"href":"https:\/\/staging.ivg.it\/ediapi\/wp\/v2\/media?parent=520076"}],"wp:term":[{"taxonomy":"category","embeddable":true,"href":"https:\/\/staging.ivg.it\/ediapi\/wp\/v2\/categories?post=520076"},{"taxonomy":"post_tag","embeddable":true,"href":"https:\/\/staging.ivg.it\/ediapi\/wp\/v2\/tags?post=520076"}],"curies":[{"name":"wp","href":"https:\/\/api.w.org\/{rel}","templated":true}]}}