{"id":520037,"date":"2021-03-05T18:29:59","date_gmt":"2021-03-05T17:29:59","guid":{"rendered":"http:\/\/www.ivg.it\/?p=520037"},"modified":"2021-03-05T18:32:29","modified_gmt":"2021-03-05T17:32:29","slug":"eccellenza-il-blocco-delle-retrocessioni-non-e-un-diktat-in-liguria-ce-ne-saranno-due","status":"publish","type":"post","link":"https:\/\/staging.ivg.it\/2021\/03\/eccellenza-il-blocco-delle-retrocessioni-non-e-un-diktat-in-liguria-ce-ne-saranno-due\/","title":{"rendered":"Eccellenza, il blocco delle retrocessioni non \u00e8 un diktat: in Liguria ce ne saranno due"},"content":{"rendered":"<p><strong>Albenga.<\/strong> Il consiglio federale della Figc, nella riunione odierna, ha dato il consenso alla <strong>ripresa dei gironi di Eccellenza.<\/strong><\/p>\n<p>Mercoled\u00ec 10 marzo la Lega Nazionale Dilettanti stabilir\u00e0 date e modalit\u00e0 della ripartenza, approvando i nuovi format proposti dai comitati regionali.<\/p>\n<p><strong>La ripresa dell&#8217;Eccellenza permetter\u00e0 di promuovere<\/strong>, a fine stagione,<strong> le squadre che andranno a sostituire le ventotto societ\u00e0 retrocesse dalla Serie D.<\/strong><\/p>\n<p>Per quanto riguarda le <strong>retrocessioni<\/strong> in Promozione, l&#8217;indicazione data dal presidente Gabriele Gravina \u00e8 stata quella di un <strong>blocco.<\/strong> Ma non si tratta di un&#8217;imposizione, bens\u00ec di <strong>una possibilit\u00e0 per i comitati regionali che vorranno optare per questa scelta.<\/strong><\/p>\n<p>Non sar\u00e0 il caso della Liguria: il presidente regionale Giulio Ivaldi ha reso noto di<strong> voler adottare il format proposto alcune settimane fa, che prevede due retrocessioni.<\/strong> Una scelta che, oltre a dare motivazioni agonistiche a chi lotter\u00e0 per salvarsi, che ha l&#8217;intento di <strong>ridurre l&#8217;organico dell&#8217;Eccellenza<\/strong> nell&#8217;annata sportiva 2021\/2022, dato che attualmente le societ\u00e0 liguri nella categoria sono ben ventuno.<\/p>\n","protected":false},"excerpt":{"rendered":"<p>Il presidente regionale ha confermato l&#8217;intenzione di voler adottare il format deciso alcune settimane fa<\/p>\n","protected":false},"author":18,"featured_media":0,"comment_status":"open","ping_status":"closed","sticky":false,"template":"","format":"standard","meta":{"footnotes":""},"categories":[45296,182,32],"tags":[85989,569],"class_list":["post-520037","post","type-post","status-publish","format-standard","hentry","category-copertina","category-calcio","category-sport","tag-calcio","tag-eccellenza","post_cat_citta-alassio","post_cat_citta-albenga","post_cat_citta-cairo-montenotte","post_cat_citta-finale-ligure","post_cat_citta-pietra-ligure","post_cat_citta-varazze"],"amp_validity":null,"amp_enabled":true,"_links":{"self":[{"href":"https:\/\/staging.ivg.it\/ediapi\/wp\/v2\/posts\/520037","targetHints":{"allow":["GET"]}}],"collection":[{"href":"https:\/\/staging.ivg.it\/ediapi\/wp\/v2\/posts"}],"about":[{"href":"https:\/\/staging.ivg.it\/ediapi\/wp\/v2\/types\/post"}],"author":[{"embeddable":true,"href":"https:\/\/staging.ivg.it\/ediapi\/wp\/v2\/users\/18"}],"replies":[{"embeddable":true,"href":"https:\/\/staging.ivg.it\/ediapi\/wp\/v2\/comments?post=520037"}],"version-history":[{"count":0,"href":"https:\/\/staging.ivg.it\/ediapi\/wp\/v2\/posts\/520037\/revisions"}],"wp:attachment":[{"href":"https:\/\/staging.ivg.it\/ediapi\/wp\/v2\/media?parent=520037"}],"wp:term":[{"taxonomy":"category","embeddable":true,"href":"https:\/\/staging.ivg.it\/ediapi\/wp\/v2\/categories?post=520037"},{"taxonomy":"post_tag","embeddable":true,"href":"https:\/\/staging.ivg.it\/ediapi\/wp\/v2\/tags?post=520037"}],"curies":[{"name":"wp","href":"https:\/\/api.w.org\/{rel}","templated":true}]}}