{"id":519991,"date":"2021-03-05T19:00:08","date_gmt":"2021-03-05T18:00:08","guid":{"rendered":"http:\/\/www.ivg.it\/?p=519991"},"modified":"2021-03-10T12:30:40","modified_gmt":"2021-03-10T11:30:40","slug":"sanremo-successo-per-annalisa-con-la-cover-la-musica-e-finita-sono-orgogliosa-ne-sono-innamorata","status":"publish","type":"post","link":"https:\/\/staging.ivg.it\/2021\/03\/sanremo-successo-per-annalisa-con-la-cover-la-musica-e-finita-sono-orgogliosa-ne-sono-innamorata\/","title":{"rendered":"Sanremo, successo per Annalisa con la cover &#8220;La musica \u00e8 finita&#8221;: &#8220;Sono orgogliosa, ne sono innamorata&#8221;"},"content":{"rendered":"<p><strong>Sanremo.<\/strong> &#8220;Ho cercato di &#8216;farla mia&#8217; e interpretarla rispettosamente&#8221;. Cos\u00ec la cantante savonese Annalisa ha spiegato in conferenza stampa come ha vissuto la sua esibizione di ieri sera al 71esimo Festival della Canzone italiana, il quinto per lei, con &#8220;La musica \u00e8 finita&#8221;, grande successo di Ornella Vanoni, grazie a cui \u00e8 in lotta per la vittoria finale insieme ad Ermal Meta. &#8220;Sono innamorata di questo brano &#8211; ha proseguito &#8211; Cantarlo \u00e8 stato un pretesto per dire che la musica, soprattutto quella dal vivo, non \u00e8 finita ma si evolve con il tempo. Sono orgogliosa e mi fa molto piacere di essere stata giudicata bene dall&#8217;orchestra di Sanremo per questa performance&#8221;.<\/p>\n<p>&#8220;Nali&#8221; si sente fortunata ad essere in questo festival insieme ad altri artisti che presentano progetti importanti in gara: &#8220;Per noi la cosa fondamentale \u00e8 comunicare ciascuno il proprio messaggio, a cui magari abbiamo lavorato tanto &#8211; ha affermato &#8211; Personalmente sto facendo un &#8216;viaggio&#8217;, un percorso di crescita che ho sempre vissuto con grande entusiasmo e onest\u00e0 e con cui cerco sempre di fare del mio meglio e maturare andando avanti. A questo punto della mia vita non sono pi\u00f9 un&#8217;esordiente, ho dieci anni di carriera, che \u00e8 un traguardo: un decennio fa non mi sarei mai immaginata in un festival cos\u00ec importante a portare una canzone in cui credo molto e che penso sia il sunto di tante cose che ho fatto&#8221;.<\/p>\n<p>Nei suoi testi la cantautrice ha sempre ricercato un suo linguaggio, un suo &#8220;marchio di fabbrica&#8221;: &#8220;Di carattere sono una persona pensosa e la musica \u00e8 un modo per semplificarmi, &#8216;risolvermi&#8217;, rendere semplici le emozioni che faccio fatica ad interpretare e rischiano di frenarmi, togliere le sovrastrutture e osare di pi\u00f9 &#8211; ha spiegato &#8211; Le mie canzoni sono autobiografiche e mi servono a guardarmi da fuori: sono fortunata che questo mio tentativo di comunicare me stessa, ad esempio con la copertina del mio nuovo album, arrivi alle persone, soprattutto in questo festival&#8221;.<\/p>\n<p>Scrivere parole e comporre pentagrammi \u00e8 insomma la sua personale terapia: &#8220;Vivo il mio mestiere di cantante come totalizzante, lo uso un po&#8217; al posto dello psicologo &#8211; ha scherzato &#8211; &#8216;Dieci&#8217;, il brano che sto presentando in gara, \u00e8 una dichiarazione d&#8217;amore: la mia \u00e8 verso la musica ma ognuno ci pu\u00f2 vedere l&#8217;amore che vuole, come quello di coppia. Con esso esprimo quella scintilla che arriva dall&#8217;innamoramento, che sia per una persona o per una grande passione, come la mia, che ti fa sempre provare a migliorare, rincorrere un obiettivo o un sogno e intraprendere strade inaspettate&#8221;.<\/p>\n<p>E di strade Annalisa Scarrone ne ha ancora tante da percorrere: &#8220;Ci sono un sacco di cose che non ho mai fatto e vorrei fare, mi pongo obiettivi continuamente e sono alla continua ricerca della migliore versione di me e della mia musica &#8211; ha aggiunto &#8211; Il fatto che dopo dieci anni possa ancora farla ascoltare \u00e8 un risultato pazzesco: guardo al futuro e spero di avere altre mille occasioni&#8221;.<\/p>\n<p>Infine una chicca sul suo look di queste prime serate di festival, che tanto ha acceso la curiosit\u00e0 degli spettatori sia televisivi sia &#8220;social&#8221;: &#8220;Mi presento come meglio posso e come mi sento, nella mia semplicit\u00e0. Se voglio osare ci provo, se voglio essere comoda mi metto comoda. Il compromesso \u00e8 la cosa migliore, comunque importa che la maniera in cui un artista si presenta non tolga nulla a ci\u00f2 che dice con la sua canzone&#8221;.<\/p>\n","protected":false},"excerpt":{"rendered":"<p>&#8220;Ho cercato di &#8216;farla mia&#8217; e interpretarla al meglio e rispettosamente&#8221;<\/p>\n","protected":false},"author":11510,"featured_media":0,"comment_status":"open","ping_status":"closed","sticky":false,"template":"","format":"standard","meta":{"footnotes":""},"categories":[45296,56,100942],"tags":[18872],"class_list":["post-519991","post","type-post","status-publish","format-standard","hentry","category-copertina","category-altre","category-talenti-savonesi","tag-festival-di-sanremo","post_cat_citta-carcare","post_cat_citta-sanremo","post_cat_citta-savona","post_tag_personaggi-annalisa","post_tag_personaggi-annalisa-scarrone"],"amp_validity":null,"amp_enabled":true,"_links":{"self":[{"href":"https:\/\/staging.ivg.it\/ediapi\/wp\/v2\/posts\/519991","targetHints":{"allow":["GET"]}}],"collection":[{"href":"https:\/\/staging.ivg.it\/ediapi\/wp\/v2\/posts"}],"about":[{"href":"https:\/\/staging.ivg.it\/ediapi\/wp\/v2\/types\/post"}],"author":[{"embeddable":true,"href":"https:\/\/staging.ivg.it\/ediapi\/wp\/v2\/users\/11510"}],"replies":[{"embeddable":true,"href":"https:\/\/staging.ivg.it\/ediapi\/wp\/v2\/comments?post=519991"}],"version-history":[{"count":0,"href":"https:\/\/staging.ivg.it\/ediapi\/wp\/v2\/posts\/519991\/revisions"}],"wp:attachment":[{"href":"https:\/\/staging.ivg.it\/ediapi\/wp\/v2\/media?parent=519991"}],"wp:term":[{"taxonomy":"category","embeddable":true,"href":"https:\/\/staging.ivg.it\/ediapi\/wp\/v2\/categories?post=519991"},{"taxonomy":"post_tag","embeddable":true,"href":"https:\/\/staging.ivg.it\/ediapi\/wp\/v2\/tags?post=519991"}],"curies":[{"name":"wp","href":"https:\/\/api.w.org\/{rel}","templated":true}]}}