{"id":519799,"date":"2021-03-03T07:49:14","date_gmt":"2021-03-03T06:49:14","guid":{"rendered":"http:\/\/www.ivg.it\/?p=519799"},"modified":"2021-03-03T07:49:14","modified_gmt":"2021-03-03T06:49:14","slug":"savona-morto-a-58-anni-fausto-giavazzi-del-bar-maggiora","status":"publish","type":"post","link":"https:\/\/staging.ivg.it\/2021\/03\/savona-morto-a-58-anni-fausto-giavazzi-del-bar-maggiora\/","title":{"rendered":"Savona, morto a 58 anni Fausto Giavazzi del bar Maggiora"},"content":{"rendered":"<p><strong>Savona.<\/strong> Lutto a Savona per la morte di Fausto Giavazzi, molto noto in citt\u00e0 in quanto titolare del bar Maggiora, nella centrale via Paleocapa. Fausto \u00e8 mancato all&#8217;et\u00e0 di 58 anni per un problema di cuore.<\/p>\n<p>Nato a Bergamo, si era trasferito a Savona e dal 2004 era, insieme alla mogli, il volto del bar Maggiora. Un punto di riferimento nelle mattine di tanti savonesi, che ora lo ricordano con affetto.<\/p>\n<p>L&#8217;ultimo saluto \u00e8 previsto per questa mattina alle 11.15 nella camera ardente dell&#8217;ospedale San Paolo; da l\u00ec la salma verr\u00e0 portata nel cimitero.<\/p>\n","protected":false},"excerpt":{"rendered":"<p>E&#8217; mancato per un problema di cuore<\/p>\n","protected":false},"author":10593,"featured_media":0,"comment_status":"open","ping_status":"closed","sticky":false,"template":"","format":"standard","meta":{"footnotes":""},"categories":[34],"tags":[],"class_list":["post-519799","post","type-post","status-publish","format-standard","hentry","category-cronaca","post_cat_citta-savona","post_tag_personaggi-fausto-giavazzi"],"amp_validity":null,"amp_enabled":true,"_links":{"self":[{"href":"https:\/\/staging.ivg.it\/ediapi\/wp\/v2\/posts\/519799","targetHints":{"allow":["GET"]}}],"collection":[{"href":"https:\/\/staging.ivg.it\/ediapi\/wp\/v2\/posts"}],"about":[{"href":"https:\/\/staging.ivg.it\/ediapi\/wp\/v2\/types\/post"}],"author":[{"embeddable":true,"href":"https:\/\/staging.ivg.it\/ediapi\/wp\/v2\/users\/10593"}],"replies":[{"embeddable":true,"href":"https:\/\/staging.ivg.it\/ediapi\/wp\/v2\/comments?post=519799"}],"version-history":[{"count":0,"href":"https:\/\/staging.ivg.it\/ediapi\/wp\/v2\/posts\/519799\/revisions"}],"wp:attachment":[{"href":"https:\/\/staging.ivg.it\/ediapi\/wp\/v2\/media?parent=519799"}],"wp:term":[{"taxonomy":"category","embeddable":true,"href":"https:\/\/staging.ivg.it\/ediapi\/wp\/v2\/categories?post=519799"},{"taxonomy":"post_tag","embeddable":true,"href":"https:\/\/staging.ivg.it\/ediapi\/wp\/v2\/tags?post=519799"}],"curies":[{"name":"wp","href":"https:\/\/api.w.org\/{rel}","templated":true}]}}