{"id":51965,"date":"2009-03-04T15:27:53","date_gmt":"2009-03-04T14:27:53","guid":{"rendered":"http:\/\/www.ivg.it\/2009\/03\/04\/domani-sul-priamar-performance-di-panseca-e-giannici\/"},"modified":"2009-03-04T19:22:05","modified_gmt":"2009-03-04T18:22:05","slug":"domani-sul-priamar-performance-di-panseca-e-giannici","status":"publish","type":"post","link":"https:\/\/staging.ivg.it\/2009\/03\/domani-sul-priamar-performance-di-panseca-e-giannici\/","title":{"rendered":"Domani al Priamar performance di Panseca e Giannici"},"content":{"rendered":"<p><strong>[thumb:10905:l]Savona. <\/strong>Forse per molti \u00e8 solo lo scenografo dei congressi dell&#8217;ultimo Psi guidato da Bettino Craxi, ma Filippo Panseca, l&#8217;artista siciliano che da anni vive a Milano, \u00e8 anche e soprattutto una delle figure pi\u00f9 importanti dell&#8217;arte contemporanea italiana. Non mancano inoltre anche i collegamenti con la Liguria: tra questi forse il pi\u00f9 importante \u00e8 la pluriennale amicizia che lo lega a Gianni Celano Giannici, con il quale ha condiviso importanti mostre a Palermo e Milano. I due effettueranno domani, gioved\u00ec 5 febbraio, una performance artistica sulla fortezza del Priamar<\/p>\n<p>&#8220;Panseca e Celano Giannici &#8211; ha spiegato l&#8217;assessore comunale alla Cultura, Ferdinando Molteni &#8211; proporranno una performance artistica, che si terr\u00e0 sul Priamar nelle sale della ex Pinacoteca, presso il Palazzo della Loggia, proprio il giorno del loro compleanno. Il titolo scelto dai due artisti `68, 69 l&#8217;uomo segna il tempo, il tempo segna l&#8217;uomo&#8217;&#8221;. Un lunghissimo filo, come un cordone ombelicale, attraverser\u00e0 gli spazi antichi della fortezza, passando sopra i millenni e gli eventi, fino ad accompagnare il visitatore nel luogo della mostra. Il tutto sar\u00e0 reso possibile grazie ad una sinergia tra il Comune e la Cooperativa Bazzino, mentre il cavo (lungo 200 metri e del diametro di 16 millimetri) \u00e8 stato offerto dall&#8217;azienda &#8220;Francesco Baglietto &amp; figlio&#8221;. Inoltre a tutti i bambini nati domani a Savona gli artisti dedicheranno una litografia numerata e firmata a due mani.<\/p>\n<p>Filippo Panseca ha dichiarato di essere rimasto colpito dalla Fortezza del Priamar &#8220;Sono spazi bellissimi dove c&#8217;\u00e8 una incredibile stratificazione di storia, eventi, popoli, conquiste. Ne sono davvero affascinato. E&#8217; un luogo magnifico per l&#8217;arte contemporanea&#8221;. &#8220;Credo che questo nuovo incontro con l&#8217;amico Panseca &#8211; commenta poi Celano Giannici &#8211; rappresenti una bella testimonianza degli scambi culturali e delle iniziative che si possono realizzare a Savona coinvolgendo alcuni dei protagonisti principali della scena artistica internazionale&#8221;.<\/p>\n<p>Panseca e Giannici, insieme ad altri artisti, parteciperanno (sempre sul Priamar) alla terza edizione di &#8220;Art &amp; Savonnerie&#8221; manifestazione dedicata alla reintepretazione del tema del sapone da parte dell&#8217;arte contemporanea, che si terr\u00e0 presso il Palazzo del Commissario verso la fine di aprile. L&#8217;evento sar\u00e0 organizzato, con il patrocinio del Comune di Savona, dalla &#8220;Gavarry&#8221;, uno dei pi\u00f9 antichi saponifici che ancora produce con l&#8217;antico metodo di Marsiglia, di propriet\u00e0 della famiglia savonese Sguerso.<strong><br \/>\n<\/strong><\/p>\n","protected":false},"excerpt":{"rendered":"<p>[thumb:10905:l]Savona. Forse per molti \u00e8 solo lo scenografo dei congressi dell&#8217;ultimo Psi guidato da Bettino Craxi, ma Filippo Panseca, l&#8217;artista siciliano che da anni vive a Milano, \u00e8 anche e soprattutto una delle figure pi\u00f9 importanti dell&#8217;arte contemporanea italiana. Non mancano inoltre anche i collegamenti con la Liguria: tra questi forse il pi\u00f9 importante \u00e8 [&hellip;]<\/p>\n","protected":false},"author":13744,"featured_media":0,"comment_status":"open","ping_status":"closed","sticky":false,"template":"","format":"standard","meta":{"footnotes":""},"categories":[],"tags":[86019,6789,85995,85850],"class_list":["post-51965","post","type-post","status-publish","format-standard","hentry","tag-comune","tag-filippo-panseca","tag-priamar","tag-savona","post_cat_citta-andora","post_cat_citta-savona"],"amp_validity":null,"amp_enabled":true,"_links":{"self":[{"href":"https:\/\/staging.ivg.it\/ediapi\/wp\/v2\/posts\/51965","targetHints":{"allow":["GET"]}}],"collection":[{"href":"https:\/\/staging.ivg.it\/ediapi\/wp\/v2\/posts"}],"about":[{"href":"https:\/\/staging.ivg.it\/ediapi\/wp\/v2\/types\/post"}],"author":[{"embeddable":true,"href":"https:\/\/staging.ivg.it\/ediapi\/wp\/v2\/users\/13744"}],"replies":[{"embeddable":true,"href":"https:\/\/staging.ivg.it\/ediapi\/wp\/v2\/comments?post=51965"}],"version-history":[{"count":0,"href":"https:\/\/staging.ivg.it\/ediapi\/wp\/v2\/posts\/51965\/revisions"}],"wp:attachment":[{"href":"https:\/\/staging.ivg.it\/ediapi\/wp\/v2\/media?parent=51965"}],"wp:term":[{"taxonomy":"category","embeddable":true,"href":"https:\/\/staging.ivg.it\/ediapi\/wp\/v2\/categories?post=51965"},{"taxonomy":"post_tag","embeddable":true,"href":"https:\/\/staging.ivg.it\/ediapi\/wp\/v2\/tags?post=51965"}],"curies":[{"name":"wp","href":"https:\/\/api.w.org\/{rel}","templated":true}]}}