{"id":519368,"date":"2021-02-25T17:14:47","date_gmt":"2021-02-25T16:14:47","guid":{"rendered":"http:\/\/www.ivg.it\/?p=519368"},"modified":"2021-02-25T18:07:32","modified_gmt":"2021-02-25T17:07:32","slug":"vaccini-rossetti-pd-toti-dia-certezza-alle-persone-affette-da-malattie-rare","status":"publish","type":"post","link":"https:\/\/staging.ivg.it\/2021\/02\/vaccini-rossetti-pd-toti-dia-certezza-alle-persone-affette-da-malattie-rare\/","title":{"rendered":"Vaccini, Rossetti (Pd): &#8220;Toti dia certezza alle persone affette da malattie rare&#8221;"},"content":{"rendered":"<p><strong>Regione.<\/strong> Domenica la fontana di Piazza De Ferrari di Genova si colorer\u00e0 per la <strong>Giornata Internazionale delle Malattie rare<\/strong>.<\/p>\n<p>Scrive il consigliere regionale del Partito Democratico <strong>Sergio Rossetti<\/strong>: &#8220;Forse questo fatto proprio di fronte alle finestre del suo ufficio aiuter\u00e0 il presidente, nonch\u00e9 assessore alla salute, Giovanni Toti a ricordarsi dei liguri affetti da queste patologie? \u00c8 dal mese di dicembre che chiediamo alla Regione Liguria che i pazienti con malattie rare e i loro caregiver possano essere considerati prioritari nel calendario vaccinale della Liguria: si tratta di persone, giovani e anziani, che per vari motivi in questi mesi sono stati costretti a vivere isolati perch\u00e9 pi\u00f9 soggetti alle conseguenze dei rischi derivanti dall\u2019infezione da COVID, pensiamo ad esempio a coloro che non possono essere intubati o che gi\u00e0 in occasione di &#8216;normali&#8217; influenze necessitano di ossigeno, o che hanno difficolt\u00e0 intrinseche a seguire con regolarit\u00e0 le usuali procedure di autoprotezione&#8221;.<\/p>\n<p>&#8220;\u00c8 intollerabile che a pagare le conseguenze del caos vaccini siano sempre i pi\u00f9 deboli: Toti anzich\u00e9 stare a Roma a pensare a piazzare suoi sottosegretari di governo, dovrebbe essere qui a lavorare giorno e notte per dare una risposta a tutti coloro che chiedono certezza riguardo al calendario per le vaccinazioni&#8221; conclude Rossetti.<\/p>\n","protected":false},"excerpt":{"rendered":"<p>Il consigliere regionale: &#8220;\u00c8 intollerabile che a pagare le conseguenze del caos vaccini siano sempre i pi\u00f9 deboli&#8221;<\/p>\n","protected":false},"author":17962,"featured_media":0,"comment_status":"open","ping_status":"closed","sticky":false,"template":"","format":"standard","meta":{"footnotes":""},"categories":[34,31],"tags":[7098,116469],"class_list":["post-519368","post","type-post","status-publish","format-standard","hentry","category-cronaca","category-politica","tag-malattie-rare","tag-partito-demcoratico","post_tag_personaggi-giovanni-toti","post_tag_personaggi-sergio-rossetti"],"amp_validity":null,"amp_enabled":true,"_links":{"self":[{"href":"https:\/\/staging.ivg.it\/ediapi\/wp\/v2\/posts\/519368","targetHints":{"allow":["GET"]}}],"collection":[{"href":"https:\/\/staging.ivg.it\/ediapi\/wp\/v2\/posts"}],"about":[{"href":"https:\/\/staging.ivg.it\/ediapi\/wp\/v2\/types\/post"}],"author":[{"embeddable":true,"href":"https:\/\/staging.ivg.it\/ediapi\/wp\/v2\/users\/17962"}],"replies":[{"embeddable":true,"href":"https:\/\/staging.ivg.it\/ediapi\/wp\/v2\/comments?post=519368"}],"version-history":[{"count":0,"href":"https:\/\/staging.ivg.it\/ediapi\/wp\/v2\/posts\/519368\/revisions"}],"wp:attachment":[{"href":"https:\/\/staging.ivg.it\/ediapi\/wp\/v2\/media?parent=519368"}],"wp:term":[{"taxonomy":"category","embeddable":true,"href":"https:\/\/staging.ivg.it\/ediapi\/wp\/v2\/categories?post=519368"},{"taxonomy":"post_tag","embeddable":true,"href":"https:\/\/staging.ivg.it\/ediapi\/wp\/v2\/tags?post=519368"}],"curies":[{"name":"wp","href":"https:\/\/api.w.org\/{rel}","templated":true}]}}