{"id":519188,"date":"2021-02-25T11:16:53","date_gmt":"2021-02-25T10:16:53","guid":{"rendered":"http:\/\/www.ivg.it\/?p=519188"},"modified":"2021-02-25T15:12:58","modified_gmt":"2021-02-25T14:12:58","slug":"savona-il-56-boccia-la-giunta-uscente-quelli-di-prima-erano-meglio","status":"publish","type":"post","link":"https:\/\/staging.ivg.it\/2021\/02\/savona-il-56-boccia-la-giunta-uscente-quelli-di-prima-erano-meglio\/","title":{"rendered":"Savona, il 56% boccia la giunta uscente: &#8220;Erano meglio quelli di prima&#8221;"},"content":{"rendered":"<p><strong>Savona<\/strong>. &#8220;Quelli di prima? Erano meglio&#8221;. Cos\u00ec l&#8217;amministrazione savonese di centrodestra arriva a fine mandato con un <strong>consenso<\/strong>, anche<strong> fisiologicamente<\/strong>,<strong> in declino<\/strong>. Con un sindaco ormai gi\u00e0 da mesi senza il sostegno <a href=\"https:\/\/www.ivg.it\/2020\/10\/vaccarezza-boccia-caprioglio-senza-appello-savona-grigia-e-sporca-non-ha-saputo-usare-i-finanziamenti\/\">di chi ha festeggiato la sua vittoria<\/a> e dei <a href=\"https:\/\/www.ivg.it\/2020\/11\/savona-fondi-comunali-per-recuperare-campo-nomadi-caprioglio-contro-la-maggioranza\/\">partiti della sua coalizione<\/a>, il dissenso verso le scelte della giunta aumenta anche tra i cittadini. Si ribaltano, infatti, le <a href=\"https:\/\/www.ivg.it\/2016\/06\/savona-caprioglio-vince-la-battaglia-centrodestra-trionfa\/\">percentuali che erano emerse al ballottaggio delle elezioni del 2016<\/a> in cui la candidata sindaco del centrodestra Ilaria Caprioglio aveva avuto la meglio sulla sfidante del centrosinistra Cristina Battaglia.<\/p>\n<p>A fine legislatura, in previsione delle elezioni amministrative, previste al momento per la primavera 2021, \u00e8 scontato che i cittadini facciano un bilancio sull\u2019operato dell&#8217;amministrazione comunale uscente e abbiano <a href=\"https:\/\/www.ivg.it\/2021\/01\/savona-5-anni-di-amministrazione-caprioglio-tra-pro-e-contro-la-parola-a-residenti-e-lavoratori\/\">aspettative per i successivi cinque anni<\/a>. Marted\u00ec e mercoled\u00ec mattina, <strong>IVG ha provato a sondare il terreno<\/strong> e capire qual \u00e8 la preferenza dei cittadini savonesi, che si trovavano in piazza Sisto, tra l&#8217;amministrazione attuale e la seconda giunta di Federico Berruti. Ossia &#8220;quelli di prima&#8221;, il mantra del centrodestra per definire i &#8220;colpevoli&#8221; del buco di bilancio e delineare cos\u00ec una separazione netta.<\/p>\n<p>&#8220;Meglio la giunta Caprioglio o &#8216;quelli di prima&#8217;?&#8221;, \u00e8 stata la semplice domanda rivolta ai passanti. E il risultato \u00e8 stato relativamente netto: tolti i &#8220;non so&#8221;, i cittadini che hanno espresso un&#8217;opinione si sono schierati in maggioranza per la giunta Berruti (56%, contro il 44% di chi ha preferito l&#8217;amministrazione uscente).\u00a0Doverosa premessa: <strong>il campione non ha alcun valore statistico<\/strong> e non pu\u00f2 essere considerato rappresentativo della popolazione, sarebbe quindi sbagliato \u201cgeneralizzare\u201d i risultati. L\u2019intenzione \u00e8 stata semplicemente quella di \u201ctastare\u201d per quanto possibile il \u201csentire comune\u201d del savonese medio.<\/p>\n<p>&#8220;Io avevo votato la Caprioglio ma sono <strong>rimasta notevolmente delusa<\/strong> perch\u00e9 Savona \u00e8 declassata rispetto a prima&#8221;, cos\u00ec una signora in pausa pranzo boccia senza remore l&#8217;attuale sindaco. &#8220;Ha detto che si sarebbe preoccupata delle periferie, invece <strong>non si occupa di niente<\/strong>, \u00e8 completamente inesistente. E&#8217; necessaria pi\u00f9 pulizia sia delle strade che dei\u00a0parchi&#8221;. E poi ammette: &#8220;Nel dettaglio io non mi sono mai preoccupata pi\u00f9 di tanto di queste cose&#8221;.<\/p>\n<div class=\"single-img-content-container fullwidth-single shortcode standard\">\n    <div class=\"image_container\" style=\"text-align: center;\">\n        <picture class=\" lazyload\"><img loading=\"lazy\" class=\"lazy\" data-srcset=\"https:\/\/www.ivg.it\/photogallery_new\/images\/2021\/02\/sondaggio-della-settimana-caprioglio-berruti-668954.jpg 1024w, https:\/\/www.ivg.it\/photogallery_new\/images\/2021\/02\/sondaggio-della-settimana-caprioglio-berruti-668954.jpg 970w, https:\/\/www.ivg.it\/photogallery_new\/images\/2021\/02\/sondaggio-della-settimana-caprioglio-berruti-668954.jpg 660w, https:\/\/www.ivg.it\/photogallery_new\/images\/2021\/02\/sondaggio-della-settimana-caprioglio-berruti-668954.jpg 316w, https:\/\/www.ivg.it\/photogallery_new\/images\/2021\/02\/sondaggio-della-settimana-caprioglio-berruti-668954.jpg 150w\"  data-src=\"https:\/\/www.ivg.it\/photogallery_new\/images\/2021\/02\/sondaggio-della-settimana-caprioglio-berruti-668954.jpg\" alt=\"Sondaggio della settimana Caprioglio Berruti\" \/><\/picture>\r\n\n    <\/div>\n    <\/div>\n\n<p>Molti si lamentano che oggi &#8220;<strong>la citt\u00e0 \u00e8 sporca<\/strong>&#8220;. Una signora che dichiara di non preferire nessuna delle due giunte poi attacca senza filtri: &#8220;Viviamo in una\u00a0citt\u00e0 che fa schifo &#8211; facendo riferimento prevalentemente al centro dove abita -, \u00e8 indecente, <strong>orrenda, un degrado unico<\/strong>. Si trova la spazzatura fuori dai bidoni, da via dei Mille a piazza Marconi. E&#8217;\u00a0una vergogna.\u00a0Pulizia zero, mal curata e mal tenuta. Ma \u00e8 un comportamento di tutte le giunte. L&#8217;unica nota positiva &#8211; sottolinea insieme ad altri tre passanti &#8211; \u00e8 che finalmente hanno <strong><a href=\"https:\/\/www.ivg.it\/2021\/01\/savona-la-fontana-del-pesce-torna-al-suo-antico-splendore\/\">aggiustato le fontana di piazza del Pesce<\/a><\/strong>&#8220;.<\/p>\n<p>Nonostante qualcuno evidenzi dei difetti nell&#8217;operato dell&#8217;amministrazione attuale la preferisce rispetto alla precedente: &#8220;Meglio Caprioglio anche se tante cose non sono andate benissimo, dalla pulizia delle strade sia del centro che della periferia all&#8217; impiego di fondi in cose inutili&#8221;. &#8220;Speriamo che la prossima sia meglio di questa &#8211; aggiungono tre signori fermi a chiacchierare -. C&#8217;\u00e8 poca attenzione, <strong>Savona \u00e8 crollata<\/strong>, basta guardare le attivit\u00e0 commerciali, non c&#8217;\u00e8 pi\u00f9 una via dove si possa passeggiare. Via Paleocapa \u00e8 diventata Indian town, ma qua non siamo a Nuova Delhi &#8211; ironizza un intervistato -. Per non parlare della pulizia della citt\u00e0 e della sicurezza che vengono trascurate&#8221;.<\/p>\n<p>&#8220;Bisognerebbe <strong>fare qualcosa per il verde<\/strong> &#8211; aggiungono &#8211; e mi pare che non\u00a0stiano facendo niente. Quel poco che c&#8217;\u00e8 non viene curato, come succede per i giardini del prolungamento&#8221;. &#8220;L&#8217;igiene delle strade dall&#8217;ospedale \u00e8 scarso &#8211; puntualizza una di loro che ci abita -, <strong>ci sono i topi<\/strong>. E non si chiederebbero opere straordinarie, ma si tratta solo della <strong>manutenzione dell&#8217;esistente<\/strong>&#8220;.<\/p>\n<p>&#8220;E&#8217; una citt\u00e0 sporca &#8211; esordisce un cittadino che vive a Savona da tre anni ma la frequenta da molti di pi\u00f9 -. La sporcizia che si trova qui <strong>nemmeno nei posti peggiori di Napoli<\/strong>. Ci sono i bidoni dell&#8217;immondizia pieni che non vengono svuotati. Ma per il sindaco conta di pi\u00f9 l&#8217;apparenza che i fatti. Assiste a tutte le manifestazioni ma poi per questa citt\u00e0 non sta facendo niente&#8221;.<\/p>\n<p>&#8220;Savona dovrebbe essere una perla &#8211; continua -. Il <strong>turismo dovrebbe essere valorizzato<\/strong>, ha il vantaggio di essere sul mare e dovrebbe trarre dai flussi turistici la principale fonte di ricchezza anche se qui per molti viene visto quasi come un fastidio, c&#8217;\u00e8 un&#8217;ignoranza che fa parte, come ho potuto capire, dal carattere dei savonesi. Ma nonostante tutto, qui ho comprato casa, pago le tasse, \u00e8 una citt\u00e0 in cui si sta bene.\u00a0Questa citt\u00e0 sta morendo, di 60mila abitanti se togliamo le persone anziane, non dico che sia una citt\u00e0 morta ma morente. C&#8217;\u00e8 bisogno di un&#8217;idea generale che non \u00e8 ancora stata sviluppata&#8221;.<\/p>\n<p>Alcuni si limitano a dire che &#8220;una schifezza cos\u00ec non l&#8217;ho mai vista&#8221;, &#8220;la citt\u00e0 \u00e8 peggiorata sotto il profilo della pulizia e dell&#8217;ordine&#8221;. Altri invece ne sono contenti: &#8220;<strong>Citt\u00e0 ordinata<\/strong>, illuminazione e raccolta dei rifiuti curata, <strong>citt\u00e0 pi\u00f9 pulita rispetto ad altre<\/strong>&#8221; e apprezzano: &#8220;Caprioglio si \u00e8 occupata delle attivit\u00e0 culturali, come conferenze e mostre.\u00a0Certo che non tutto \u00e8 perfetto, speriamo migliori, il tallone d&#8217;Achille rimane la raccolta dei rifiuti.\u00a0Abito in zone centrali in palazzi belli ed \u00e8 un disastro ma spero che il prossimo consiglio comunale decida qualcosa. Comunque<strong>\u00a0vorrei si ricandidasse<\/strong>. Io non ho nessun preconcetto contro di lei&#8221;.<\/p>\n<p>Oltre a chi a risposto nel merito la risposta che ha raggiunto la <strong>maggioranza relativa<\/strong> \u00e8 stata &#8220;<strong>Non lo so<\/strong>&#8221; (12 risposte), che si sono divise equamente tra le declinazioni &#8220;Non mi interessa la politica&#8221;, per chi non segue la gestione della &#8220;cosa pubblica&#8221; e non pu\u00f2 entrare nel merito e &#8220;Per me uno vale l&#8217;altro&#8221;, per chi ha manifestato delusione per entrambi.<\/p>\n","protected":false},"excerpt":{"rendered":"<p>Buona parte degli intervistati non sa come rispondere, ma tra chi lo fa sono in maggioranza quelli che scelgono la giunta Berruti<\/p>\n","protected":false},"author":20734,"featured_media":0,"comment_status":"open","ping_status":"closed","sticky":false,"template":"","format":"standard","meta":{"footnotes":""},"categories":[45296,56,31],"tags":[86470,107921],"class_list":["post-519188","post","type-post","status-publish","format-standard","hentry","category-copertina","category-altre","category-politica","tag-giunta-caprioglio","tag-savona-2021","post_cat_citta-savona","post_tag_personaggi-ilaria-caprioglio"],"amp_validity":null,"amp_enabled":true,"_links":{"self":[{"href":"https:\/\/staging.ivg.it\/ediapi\/wp\/v2\/posts\/519188","targetHints":{"allow":["GET"]}}],"collection":[{"href":"https:\/\/staging.ivg.it\/ediapi\/wp\/v2\/posts"}],"about":[{"href":"https:\/\/staging.ivg.it\/ediapi\/wp\/v2\/types\/post"}],"author":[{"embeddable":true,"href":"https:\/\/staging.ivg.it\/ediapi\/wp\/v2\/users\/20734"}],"replies":[{"embeddable":true,"href":"https:\/\/staging.ivg.it\/ediapi\/wp\/v2\/comments?post=519188"}],"version-history":[{"count":0,"href":"https:\/\/staging.ivg.it\/ediapi\/wp\/v2\/posts\/519188\/revisions"}],"wp:attachment":[{"href":"https:\/\/staging.ivg.it\/ediapi\/wp\/v2\/media?parent=519188"}],"wp:term":[{"taxonomy":"category","embeddable":true,"href":"https:\/\/staging.ivg.it\/ediapi\/wp\/v2\/categories?post=519188"},{"taxonomy":"post_tag","embeddable":true,"href":"https:\/\/staging.ivg.it\/ediapi\/wp\/v2\/tags?post=519188"}],"curies":[{"name":"wp","href":"https:\/\/api.w.org\/{rel}","templated":true}]}}