{"id":519158,"date":"2021-02-22T23:21:17","date_gmt":"2021-02-22T22:21:17","guid":{"rendered":"http:\/\/www.ivg.it\/?p=519158"},"modified":"2021-02-22T23:21:17","modified_gmt":"2021-02-22T22:21:17","slug":"comitato-i-zona-assegnati-incarichi-e-cariche","status":"publish","type":"post","link":"https:\/\/staging.ivg.it\/2021\/02\/comitato-i-zona-assegnati-incarichi-e-cariche\/","title":{"rendered":"Comitato I-Zona: assegnati incarichi e cariche"},"content":{"rendered":"<p>Il <strong>Comitato I-Zona<\/strong> della<strong> Federazione Italiana Vela,<\/strong> dal 16 gennaio presieduto da <strong>Maurizio Buscemi,<\/strong> ha ufficializzato <strong>le cariche e gli incarichi per il quadriennio 2021-2024.<\/strong><\/p>\n<p><strong>Roberto Goinavi<\/strong> assume la vicepresidenza, <strong>Enrica Bertini<\/strong> \u00e8 il segretario e tesoriere del Comitato. <strong>Enrico Pilla e Luca Querella<\/strong> si occupa della Formazione riguardante rispettivamente gli Ufficiali di Regata (Pilla), Istruttori e Tecnici (Querella). Il rapporto con i circoli, per l&#8217;inserimento di regate ed eventi a Calendario, \u00e8 curato da<strong> Francesco Tanda. Marcella Ercoli,<\/strong> anche in questo quadriennio, tiene i rapporti con il Miur ed \u00e8 referente per i progetti Scuola Vela e Velascuola.<\/p>\n<p>A livello di incarichi, il Capo-Sezione degli Ufficiali di Regata \u00e8 <strong>Alessandro Pezzoli.<\/strong> Il Comitato individua la figura del Direttore Sportivo di Zona in <strong>Alessandro Macr\u00ec<\/strong>. Il settore della Vela Paralimpica \u00e8 affidato a<strong> Pietro Bortoletto. Antonio Viretti<\/strong> proseguir\u00e0 con la cura del sito della Primazona, della Primazona-News, delle pubbliche relazioni e della Comunicazione. La I-Zona si affida anche a <strong>Paola Misurale<\/strong> per la consulenza legale e le procedure speciali. <strong>Fabio Barrasso<\/strong> \u00e8 responsabile del Parco Mezzi e dell&#8217;Allocazione Risorse.<\/p>\n<p>La piattaforma della Formazione online sar\u00e0 seguita da<strong> Claudio Uras.<\/strong> Lo sviluppo della vela d&#8217;altura \u00e8 materia per le competenze di <strong>Gianluca Brambati.<\/strong> Il past president <strong>Gianni Belgrano<\/strong> mantiene, per conto della I-Zona, i rapporti con Fiera di Genova per il progetto della base nautica FIV. Il progetto Vela per i Giochi Sportivi Studenteschi sar\u00e0 sviluppato da <strong>Claudio Ziglioli.<\/strong><\/p>\n<p>&#8220;Sono davvero molto contento perch\u00e9 questo, sia a livello di ruoli di Consiglio sia di incarichi, \u00e8 un organigramma che si avvale delle qualit\u00e0 e delle competenze sia di figure appassionate ed esperte sia giovani pronti a mettersi a disposizione della Vela con grande entusiasmo &#8211; \u00e8 il commento del presidente <strong>Buscemi<\/strong> -. Tutti quanti insieme siamo felici di operare a vantaggio di tutti i circoli della I-Zona e dei loro tesserati: il Covid-19 sta restringendo molte attivit\u00e0 sportive ma non la Vela dato che siamo alle prese con una prima parte di 2021 davvero ricca di eventi con numeri davvero molto significativi e quindi c&#8217;\u00e8 bisogno di un equipaggio, a livello di I-Zona, grande, qualificato e determinato per affrontare tanti impegni&#8221;.<\/p>\n","protected":false},"excerpt":{"rendered":"<p>Buscemi: &#8220;Squadra ampia e ricca di competenze al servizio dei circoli&#8221;<\/p>\n","protected":false},"author":18,"featured_media":0,"comment_status":"open","ping_status":"closed","sticky":false,"template":"","format":"standard","meta":{"footnotes":""},"categories":[45296,42377,32],"tags":[89162,2343,429],"class_list":["post-519158","post","type-post","status-publish","format-standard","hentry","category-copertina","category-altri-sport","category-sport","tag-comitato-i-zona","tag-fiv","tag-vela","post_tag_personaggi-maurizio-buscemi"],"amp_validity":null,"amp_enabled":true,"_links":{"self":[{"href":"https:\/\/staging.ivg.it\/ediapi\/wp\/v2\/posts\/519158","targetHints":{"allow":["GET"]}}],"collection":[{"href":"https:\/\/staging.ivg.it\/ediapi\/wp\/v2\/posts"}],"about":[{"href":"https:\/\/staging.ivg.it\/ediapi\/wp\/v2\/types\/post"}],"author":[{"embeddable":true,"href":"https:\/\/staging.ivg.it\/ediapi\/wp\/v2\/users\/18"}],"replies":[{"embeddable":true,"href":"https:\/\/staging.ivg.it\/ediapi\/wp\/v2\/comments?post=519158"}],"version-history":[{"count":0,"href":"https:\/\/staging.ivg.it\/ediapi\/wp\/v2\/posts\/519158\/revisions"}],"wp:attachment":[{"href":"https:\/\/staging.ivg.it\/ediapi\/wp\/v2\/media?parent=519158"}],"wp:term":[{"taxonomy":"category","embeddable":true,"href":"https:\/\/staging.ivg.it\/ediapi\/wp\/v2\/categories?post=519158"},{"taxonomy":"post_tag","embeddable":true,"href":"https:\/\/staging.ivg.it\/ediapi\/wp\/v2\/tags?post=519158"}],"curies":[{"name":"wp","href":"https:\/\/api.w.org\/{rel}","templated":true}]}}