{"id":519014,"date":"2021-02-20T15:17:17","date_gmt":"2021-02-20T14:17:17","guid":{"rendered":"http:\/\/www.ivg.it\/?p=519014"},"modified":"2021-02-20T15:21:46","modified_gmt":"2021-02-20T14:21:46","slug":"varazze-multato-il-ristoratore-che-aveva-tenuto-aperto-a-san-valentino","status":"publish","type":"post","link":"https:\/\/staging.ivg.it\/2021\/02\/varazze-multato-il-ristoratore-che-aveva-tenuto-aperto-a-san-valentino\/","title":{"rendered":"Varazze, multato il ristoratore che aveva tenuto aperto a San Valentino"},"content":{"rendered":"<p><strong>Varazze.<\/strong>\u00a0Domenica\u00a0<a href=\"https:\/\/www.ivg.it\/2021\/02\/varazze-al-ristorante-in-zona-arancione-aperto-per-difendere-la-mia-categoria-e-i-miei-dipendenti\/\">ha tenuto aperto per San Valentino<\/a>\u00a0nonostante il ritorno della Liguria in zona arancione, e puntualmente \u00e8 arrivata la notifica per aver infranto la legge. Sanzionato dunque il ristoratore di Varazze che aveva deciso di protestare con i fatti contro il provvedimento che aveva obbligato alla chiusura i ristoranti liguri proprio a partire da domenica 14 febbraio, quando i locali erano pieni di prenotazioni.<\/p>\n<p>L&#8217;uomo \u00e8 consapevole di aver sbagliato e pagher\u00e0, dice, ma non rinuncia a gridare all&#8217;ingiustizia, puntando il dito contro la disparit\u00e0 di trattamento con i commercianti abusivi. \u201cAbbiamo ricevuto la notifica dell&#8217;infrazione per essere stati aperti domenica 14 febbraio in zona arancione. E&#8217; giusto &#8211; sottolinea Enrico Nani nel suo amaro sfogo &#8211; ma vi sembra sia normale che sempre, tutti i giorni, alla luce del sole sulla passeggiata ci siano degli abusivi indisturbati? Evasori fiscali, merce contraffatta! A noi la multa, a loro no\u201d.<\/p>\n<p>&#8220;Questa mattina mia moglie ha preteso eque misure per chi infrange la legge &#8211; prosegue &#8211; Le \u00e8 stato risposto che non sempre i vigili urbani possono intervenire perch\u00e9 sono pochi. Per\u00f2 ieri in due sono venuti a notificare\u201d aggiunge sarcasticamente Nani che rimarca: \u201cChi sbaglia paga (tipo noi) e la legge deve essere uguale per tutti\u201d.<\/p>\n","protected":false},"excerpt":{"rendered":"<p>Sfogo amaro: &#8220;Io ho sbagliato, ma perch\u00e9 chi vende abusivamente la passa liscia?&#8221;<\/p>\n","protected":false},"author":10593,"featured_media":0,"comment_status":"open","ping_status":"closed","sticky":false,"template":"","format":"standard","meta":{"footnotes":""},"categories":[45296,34,35],"tags":[111891,113785,1512,116528],"class_list":["post-519014","post","type-post","status-publish","format-standard","hentry","category-copertina","category-cronaca","category-economia","tag-coronavirus","tag-covid","tag-ristoranti","tag-zona-arancione","post_cat_citta-varazze"],"amp_validity":null,"amp_enabled":true,"_links":{"self":[{"href":"https:\/\/staging.ivg.it\/ediapi\/wp\/v2\/posts\/519014","targetHints":{"allow":["GET"]}}],"collection":[{"href":"https:\/\/staging.ivg.it\/ediapi\/wp\/v2\/posts"}],"about":[{"href":"https:\/\/staging.ivg.it\/ediapi\/wp\/v2\/types\/post"}],"author":[{"embeddable":true,"href":"https:\/\/staging.ivg.it\/ediapi\/wp\/v2\/users\/10593"}],"replies":[{"embeddable":true,"href":"https:\/\/staging.ivg.it\/ediapi\/wp\/v2\/comments?post=519014"}],"version-history":[{"count":0,"href":"https:\/\/staging.ivg.it\/ediapi\/wp\/v2\/posts\/519014\/revisions"}],"wp:attachment":[{"href":"https:\/\/staging.ivg.it\/ediapi\/wp\/v2\/media?parent=519014"}],"wp:term":[{"taxonomy":"category","embeddable":true,"href":"https:\/\/staging.ivg.it\/ediapi\/wp\/v2\/categories?post=519014"},{"taxonomy":"post_tag","embeddable":true,"href":"https:\/\/staging.ivg.it\/ediapi\/wp\/v2\/tags?post=519014"}],"curies":[{"name":"wp","href":"https:\/\/api.w.org\/{rel}","templated":true}]}}